{"id":39645,"date":"2017-06-16T09:17:54","date_gmt":"2017-06-16T07:17:54","guid":{"rendered":"https:\/\/diariodeestilo.es\/2017\/06\/16\/belleza-lifting-y-tinte-de-pestanas\/"},"modified":"2025-11-25T10:01:38","modified_gmt":"2025-11-25T09:01:38","slug":"belleza-lifting-y-tinte-de-pestanas","status":"publish","type":"post","link":"https:\/\/diariodeestilo.es\/en\/2017\/06\/16\/belleza-lifting-y-tinte-de-pestanas\/","title":{"rendered":"Belleza: &#8216;Lifting&#8217; y tinte de pesta\u00f1as"},"content":{"rendered":"<p><img decoding=\"async\" loading=\"lazy\" class=\"aligncenter size-full wp-image-39624\" src=\"https:\/\/diariodeestilo.es\/wp-content\/uploads\/2017\/06\/Lifting-pesta\u00f1as-Vanitas-Espai-1-2-scaled.jpg\" alt=\"\" width=\"1920\" height=\"2560\" srcset=\"https:\/\/diariodeestilo.es\/wp-content\/uploads\/2017\/06\/Lifting-pesta\u00f1as-Vanitas-Espai-1-2-scaled.jpg 1920w, https:\/\/diariodeestilo.es\/wp-content\/uploads\/2017\/06\/Lifting-pesta\u00f1as-Vanitas-Espai-1-2-225x300.jpg 225w, https:\/\/diariodeestilo.es\/wp-content\/uploads\/2017\/06\/Lifting-pesta\u00f1as-Vanitas-Espai-1-2-768x1024.jpg 768w, https:\/\/diariodeestilo.es\/wp-content\/uploads\/2017\/06\/Lifting-pesta\u00f1as-Vanitas-Espai-1-2-1152x1536.jpg 1152w, https:\/\/diariodeestilo.es\/wp-content\/uploads\/2017\/06\/Lifting-pesta\u00f1as-Vanitas-Espai-1-2-1536x2048.jpg 1536w, https:\/\/diariodeestilo.es\/wp-content\/uploads\/2017\/06\/Lifting-pesta\u00f1as-Vanitas-Espai-1-2-1140x1520.jpg 1140w\" sizes=\"(max-width: 1920px) 100vw, 1920px\" \/><\/p>\n<p style=\"text-align: justify;\">A lo largo de estos dos \u00faltimos a\u00f1os he estado utilizando extensiones de pesta\u00f1as pelo a pelo &#8216;non-stop&#8217;. Las incondicionales lo sab\u00e9is, lo he publicado y recomendado por activa y por pasiva en el blog y en todas mis redes sociales. Bien.<\/p>\n<p style=\"text-align: justify;\">Har\u00e1 un par de meses, sin raz\u00f3n alguna decid\u00ed descansar, y en el proceso de crecimiento y recuperaci\u00f3n de mis pesta\u00f1as \u2013confirmo que pasadas 8 semanas estaban estupendas\u2013 me lanc\u00e9 (atrevida yo) a probar el \u2018lifting\u2019 y tinte de pesta\u00f1as.<\/p>\n<p style=\"margin-top: 30px;\"><img decoding=\"async\" loading=\"lazy\" class=\"aligncenter size-full wp-image-39626\" src=\"https:\/\/diariodeestilo.es\/wp-content\/uploads\/2017\/06\/Lifting-pesta\u00f1as-Vanitas-Espai-2-2-scaled.jpg\" alt=\"\" width=\"1920\" height=\"2560\" srcset=\"https:\/\/diariodeestilo.es\/wp-content\/uploads\/2017\/06\/Lifting-pesta\u00f1as-Vanitas-Espai-2-2-scaled.jpg 1920w, https:\/\/diariodeestilo.es\/wp-content\/uploads\/2017\/06\/Lifting-pesta\u00f1as-Vanitas-Espai-2-2-225x300.jpg 225w, https:\/\/diariodeestilo.es\/wp-content\/uploads\/2017\/06\/Lifting-pesta\u00f1as-Vanitas-Espai-2-2-768x1024.jpg 768w, https:\/\/diariodeestilo.es\/wp-content\/uploads\/2017\/06\/Lifting-pesta\u00f1as-Vanitas-Espai-2-2-1152x1536.jpg 1152w, https:\/\/diariodeestilo.es\/wp-content\/uploads\/2017\/06\/Lifting-pesta\u00f1as-Vanitas-Espai-2-2-1536x2048.jpg 1536w, https:\/\/diariodeestilo.es\/wp-content\/uploads\/2017\/06\/Lifting-pesta\u00f1as-Vanitas-Espai-2-2-1140x1520.jpg 1140w\" sizes=\"(max-width: 1920px) 100vw, 1920px\" \/><\/p>\n<p style=\"text-align: justify;\">\u00bfPor qu\u00e9? Porque me pareci\u00f3 una alternativa natural a las extensiones de pesta\u00f1as pelo a pelo. Lo bueno de <a href=\"http:\/\/www.vanitasespai.es\/\"><strong>Vanitas Espai<\/strong><\/a> es que como las chicas (equipo Vanitas) prueban los tratamientos, las clientas vamos viendo los resultados y as\u00ed nos resulta mucho m\u00e1s f\u00e1cil lanzarnos a probar.<\/p>\n<p style=\"margin-top: 30px;\"><img decoding=\"async\" loading=\"lazy\" class=\"aligncenter size-full wp-image-39629\" src=\"https:\/\/diariodeestilo.es\/wp-content\/uploads\/2017\/06\/Lifting-pesta\u00f1as-Vanitas-Espai-3-2-scaled.jpg\" alt=\"\" width=\"1920\" height=\"2560\" srcset=\"https:\/\/diariodeestilo.es\/wp-content\/uploads\/2017\/06\/Lifting-pesta\u00f1as-Vanitas-Espai-3-2-scaled.jpg 1920w, https:\/\/diariodeestilo.es\/wp-content\/uploads\/2017\/06\/Lifting-pesta\u00f1as-Vanitas-Espai-3-2-225x300.jpg 225w, https:\/\/diariodeestilo.es\/wp-content\/uploads\/2017\/06\/Lifting-pesta\u00f1as-Vanitas-Espai-3-2-768x1024.jpg 768w, https:\/\/diariodeestilo.es\/wp-content\/uploads\/2017\/06\/Lifting-pesta\u00f1as-Vanitas-Espai-3-2-1152x1536.jpg 1152w, https:\/\/diariodeestilo.es\/wp-content\/uploads\/2017\/06\/Lifting-pesta\u00f1as-Vanitas-Espai-3-2-1536x2048.jpg 1536w, https:\/\/diariodeestilo.es\/wp-content\/uploads\/2017\/06\/Lifting-pesta\u00f1as-Vanitas-Espai-3-2-1140x1520.jpg 1140w\" sizes=\"(max-width: 1920px) 100vw, 1920px\" \/><\/p>\n<p style=\"text-align: justify;\">Quiero se\u00f1alar que llevo meses utilizando de forma habitual sueros de tratamiento para fortalecer e hidratar mis pesta\u00f1as, entre ellos, M2 Lashes, Revitalash, y tengo pendiente probar neuLASH. Ya os contar\u00e9.<\/p>\n<p style=\"margin-top: 30px;\"><img decoding=\"async\" loading=\"lazy\" class=\"aligncenter size-full wp-image-39631\" src=\"https:\/\/diariodeestilo.es\/wp-content\/uploads\/2017\/06\/Lifting-pesta\u00f1as-Vanitas-Espai-4-2-scaled.jpg\" alt=\"\" width=\"1920\" height=\"2560\" srcset=\"https:\/\/diariodeestilo.es\/wp-content\/uploads\/2017\/06\/Lifting-pesta\u00f1as-Vanitas-Espai-4-2-scaled.jpg 1920w, https:\/\/diariodeestilo.es\/wp-content\/uploads\/2017\/06\/Lifting-pesta\u00f1as-Vanitas-Espai-4-2-225x300.jpg 225w, https:\/\/diariodeestilo.es\/wp-content\/uploads\/2017\/06\/Lifting-pesta\u00f1as-Vanitas-Espai-4-2-768x1024.jpg 768w, https:\/\/diariodeestilo.es\/wp-content\/uploads\/2017\/06\/Lifting-pesta\u00f1as-Vanitas-Espai-4-2-1152x1536.jpg 1152w, https:\/\/diariodeestilo.es\/wp-content\/uploads\/2017\/06\/Lifting-pesta\u00f1as-Vanitas-Espai-4-2-1536x2048.jpg 1536w, https:\/\/diariodeestilo.es\/wp-content\/uploads\/2017\/06\/Lifting-pesta\u00f1as-Vanitas-Espai-4-2-1140x1520.jpg 1140w\" sizes=\"(max-width: 1920px) 100vw, 1920px\" \/><\/p>\n<p style=\"text-align: justify;\">Vamos al tema. <strong>Por lo que se refiere al \u2018lifting\u2019 de pesta\u00f1as<\/strong>, os copio y os cuento. El \u2018lifting\u2019 de pesta\u00f1as es un tratamiento natural que permite alisar la ra\u00edz de las pesta\u00f1as y realzarlas de forma uniforme, sin agredirlas. Esta nueva t\u00e9cnica que adem\u00e1s puede incluir el tinte de pesta\u00f1as (el combo que me hice yo), permite lucir durante seis u ocho semanas, unas pesta\u00f1as m\u00e1s largas y curvadas. Si adem\u00e1s le incluyes el tinte de pesta\u00f1as, en mi opini\u00f3n, el resultado es mejor; sobre todo en las chicas con pesta\u00f1as muy claritas, como yo, que reci\u00e9n levantadas ni se nos ven las pesta\u00f1as.<\/p>\n<p style=\"text-align: justify;\"><img decoding=\"async\" loading=\"lazy\" class=\"aligncenter size-full wp-image-39633\" src=\"https:\/\/diariodeestilo.es\/wp-content\/uploads\/2017\/06\/Lifting-pesta\u00f1as-Vanitas-Espai-5-2-scaled.jpg\" alt=\"\" width=\"1920\" height=\"2560\" srcset=\"https:\/\/diariodeestilo.es\/wp-content\/uploads\/2017\/06\/Lifting-pesta\u00f1as-Vanitas-Espai-5-2-scaled.jpg 1920w, https:\/\/diariodeestilo.es\/wp-content\/uploads\/2017\/06\/Lifting-pesta\u00f1as-Vanitas-Espai-5-2-225x300.jpg 225w, https:\/\/diariodeestilo.es\/wp-content\/uploads\/2017\/06\/Lifting-pesta\u00f1as-Vanitas-Espai-5-2-768x1024.jpg 768w, https:\/\/diariodeestilo.es\/wp-content\/uploads\/2017\/06\/Lifting-pesta\u00f1as-Vanitas-Espai-5-2-1152x1536.jpg 1152w, https:\/\/diariodeestilo.es\/wp-content\/uploads\/2017\/06\/Lifting-pesta\u00f1as-Vanitas-Espai-5-2-1536x2048.jpg 1536w, https:\/\/diariodeestilo.es\/wp-content\/uploads\/2017\/06\/Lifting-pesta\u00f1as-Vanitas-Espai-5-2-1140x1520.jpg 1140w\" sizes=\"(max-width: 1920px) 100vw, 1920px\" \/><\/p>\n<p style=\"text-align: justify;\"><strong>\u00bfCu\u00e1l es la diferencia entre el \u2018lifting\u2019 y la permanente de pesta\u00f1as?<\/strong> Con el \u2018lifting\u2019 se consigue un resultado muy parecido al de la permanente de pesta\u00f1as, pero el efecto es distinto y seg\u00fan el tipo de pesta\u00f1as que tengas ser\u00e1 mucho mejor y m\u00e1s duradero. La diferencia principal entre ambas t\u00e9cnicas recae principalmente en la t\u00e9cnica que se emplea: en la permanente se usan unos \u201crulos\u201d especiales para el vello de las pesta\u00f1as que las rizan y, en cambio, con el \u2018lifting\u2019 se alargan desde la ra\u00edz gracias al uso de unas almohadillas de silicona que estiran el vello y lo elevan. As\u00ed se consigue aumentar y elevar las pesta\u00f1as de manera m\u00e1s uniforme y, al mismo tiempo, parece que sean m\u00e1s largas y m\u00e1s pobladas al arquearlas desde la ra\u00edz.<\/p>\n<p style=\"margin-top: 30px;\"><img decoding=\"async\" loading=\"lazy\" class=\"aligncenter size-full wp-image-39635\" src=\"https:\/\/diariodeestilo.es\/wp-content\/uploads\/2017\/06\/Lifting-pesta\u00f1as-Vanitas-Espai-6-2-scaled.jpg\" alt=\"\" width=\"1920\" height=\"2560\" srcset=\"https:\/\/diariodeestilo.es\/wp-content\/uploads\/2017\/06\/Lifting-pesta\u00f1as-Vanitas-Espai-6-2-scaled.jpg 1920w, https:\/\/diariodeestilo.es\/wp-content\/uploads\/2017\/06\/Lifting-pesta\u00f1as-Vanitas-Espai-6-2-225x300.jpg 225w, https:\/\/diariodeestilo.es\/wp-content\/uploads\/2017\/06\/Lifting-pesta\u00f1as-Vanitas-Espai-6-2-768x1024.jpg 768w, https:\/\/diariodeestilo.es\/wp-content\/uploads\/2017\/06\/Lifting-pesta\u00f1as-Vanitas-Espai-6-2-1152x1536.jpg 1152w, https:\/\/diariodeestilo.es\/wp-content\/uploads\/2017\/06\/Lifting-pesta\u00f1as-Vanitas-Espai-6-2-1536x2048.jpg 1536w, https:\/\/diariodeestilo.es\/wp-content\/uploads\/2017\/06\/Lifting-pesta\u00f1as-Vanitas-Espai-6-2-1140x1520.jpg 1140w\" sizes=\"(max-width: 1920px) 100vw, 1920px\" \/><\/p>\n<p style=\"margin-top: 30px;\"><img decoding=\"async\" loading=\"lazy\" class=\"aligncenter size-full wp-image-39637\" src=\"https:\/\/diariodeestilo.es\/wp-content\/uploads\/2017\/06\/Lifting-pesta\u00f1as-Vanitas-Espai-7-2-scaled.jpg\" alt=\"\" width=\"1920\" height=\"2560\" srcset=\"https:\/\/diariodeestilo.es\/wp-content\/uploads\/2017\/06\/Lifting-pesta\u00f1as-Vanitas-Espai-7-2-scaled.jpg 1920w, https:\/\/diariodeestilo.es\/wp-content\/uploads\/2017\/06\/Lifting-pesta\u00f1as-Vanitas-Espai-7-2-225x300.jpg 225w, https:\/\/diariodeestilo.es\/wp-content\/uploads\/2017\/06\/Lifting-pesta\u00f1as-Vanitas-Espai-7-2-768x1024.jpg 768w, https:\/\/diariodeestilo.es\/wp-content\/uploads\/2017\/06\/Lifting-pesta\u00f1as-Vanitas-Espai-7-2-1152x1536.jpg 1152w, https:\/\/diariodeestilo.es\/wp-content\/uploads\/2017\/06\/Lifting-pesta\u00f1as-Vanitas-Espai-7-2-1536x2048.jpg 1536w, https:\/\/diariodeestilo.es\/wp-content\/uploads\/2017\/06\/Lifting-pesta\u00f1as-Vanitas-Espai-7-2-1140x1520.jpg 1140w\" sizes=\"(max-width: 1920px) 100vw, 1920px\" \/><\/p>\n<p style=\"text-align: justify;\"><strong>\u00bfC\u00f3mo se realiza la t\u00e9cnica del \u2018lifting\u2019 de pesta\u00f1as?<\/strong> Se colocan dos almohadillas de silicona en cada ojo y, con el p\u00e1rpado cerrado, se aplican dos productos distintos que est\u00e1n pensados para mantener el vello de la pesta\u00f1a rizado desde la misma ra\u00edz. Con este tratamiento se consigue levantar las pesta\u00f1as para que parezca que est\u00e9n rizadas con rizador de pesta\u00f1as y conseguir un efecto abanico impecable.<\/p>\n<p style=\"margin-top: 30px;\"><img decoding=\"async\" loading=\"lazy\" class=\"aligncenter size-full wp-image-39639\" src=\"https:\/\/diariodeestilo.es\/wp-content\/uploads\/2017\/06\/Lifting-pesta\u00f1as-Vanitas-Espai-8-2-scaled.jpg\" alt=\"\" width=\"1920\" height=\"2560\" srcset=\"https:\/\/diariodeestilo.es\/wp-content\/uploads\/2017\/06\/Lifting-pesta\u00f1as-Vanitas-Espai-8-2-scaled.jpg 1920w, https:\/\/diariodeestilo.es\/wp-content\/uploads\/2017\/06\/Lifting-pesta\u00f1as-Vanitas-Espai-8-2-225x300.jpg 225w, https:\/\/diariodeestilo.es\/wp-content\/uploads\/2017\/06\/Lifting-pesta\u00f1as-Vanitas-Espai-8-2-768x1024.jpg 768w, https:\/\/diariodeestilo.es\/wp-content\/uploads\/2017\/06\/Lifting-pesta\u00f1as-Vanitas-Espai-8-2-1152x1536.jpg 1152w, https:\/\/diariodeestilo.es\/wp-content\/uploads\/2017\/06\/Lifting-pesta\u00f1as-Vanitas-Espai-8-2-1536x2048.jpg 1536w, https:\/\/diariodeestilo.es\/wp-content\/uploads\/2017\/06\/Lifting-pesta\u00f1as-Vanitas-Espai-8-2-1140x1520.jpg 1140w\" sizes=\"(max-width: 1920px) 100vw, 1920px\" \/><\/p>\n<p style=\"text-align: justify;\"><strong>\u00bfCu\u00e1nto dura este tratamiento?<\/strong> El tiempo medio es de 45 minutos para poder aplicar el tratamiento de forma rigurosa. Si le sumamos el tinte de pesta\u00f1as, el tiempo es de 1 hora.<\/p>\n<p style=\"text-align: justify;\"><strong>\u00bfCu\u00e1nto duran sus resultados?<\/strong> Suele tener una duraci\u00f3n de unas 6-8 semanas. Esta duraci\u00f3n coincide con el ciclo de vida de las pesta\u00f1as naturales que se renuevan constantemente cada mes o mes y medio, aproximadamente. Como las pesta\u00f1as no se renuevan todas a la vez, se ir\u00e1 perdiendo el resultado del \u2018lifting\u2019 progresivamente, seg\u00fan el ciclo de vida de tu pesta\u00f1a natural.<\/p>\n<p style=\"margin-top: 30px;\"><img decoding=\"async\" loading=\"lazy\" class=\"aligncenter size-full wp-image-39641\" src=\"https:\/\/diariodeestilo.es\/wp-content\/uploads\/2017\/06\/Lifting-pesta\u00f1as-Vanitas-Espai-9-2-scaled.jpg\" alt=\"\" width=\"1920\" height=\"2560\" srcset=\"https:\/\/diariodeestilo.es\/wp-content\/uploads\/2017\/06\/Lifting-pesta\u00f1as-Vanitas-Espai-9-2-scaled.jpg 1920w, https:\/\/diariodeestilo.es\/wp-content\/uploads\/2017\/06\/Lifting-pesta\u00f1as-Vanitas-Espai-9-2-225x300.jpg 225w, https:\/\/diariodeestilo.es\/wp-content\/uploads\/2017\/06\/Lifting-pesta\u00f1as-Vanitas-Espai-9-2-768x1024.jpg 768w, https:\/\/diariodeestilo.es\/wp-content\/uploads\/2017\/06\/Lifting-pesta\u00f1as-Vanitas-Espai-9-2-1152x1536.jpg 1152w, https:\/\/diariodeestilo.es\/wp-content\/uploads\/2017\/06\/Lifting-pesta\u00f1as-Vanitas-Espai-9-2-1536x2048.jpg 1536w, https:\/\/diariodeestilo.es\/wp-content\/uploads\/2017\/06\/Lifting-pesta\u00f1as-Vanitas-Espai-9-2-1140x1520.jpg 1140w\" sizes=\"(max-width: 1920px) 100vw, 1920px\" \/><\/p>\n<p style=\"text-align: justify;\">Yo estoy muy satisfecha con los resultados. A finales de julio repetir\u00e9 para irme de vacaciones con mis pesta\u00f1as estupendas. A la par sigo con mis sueros para mantenerlas fuertes e hidratadas. No quiero despedirme sin resaltar que cuando me pongo un pel\u00edn de m\u00e1scara de pesta\u00f1as, el resultado me parece brutal.<\/p>\n<p>En este v\u00eddeo pod\u00e9is comprobar c\u00f3mo realizan el \u2018lifting\u2019 de pesta\u00f1as en <a href=\"http:\/\/www.vanitasespai.es\/pestanas-y-cejas\/\"><strong>Vanitas Espai<\/strong><\/a>.<\/p>\n<p style=\"margin-top: 50px;\" align=\"center\"><iframe loading=\"lazy\" title=\"Lifting y tinte de pesta\u00f1as de Barcelona - Vanitas Espai\" width=\"1140\" height=\"641\" src=\"https:\/\/www.youtube.com\/embed\/OR0Sy6gpf_c?feature=oembed\" frameborder=\"0\" allow=\"accelerometer; autoplay; encrypted-media; gyroscope; picture-in-picture\" allowfullscreen><\/iframe><\/p>\n","protected":false},"excerpt":{"rendered":"<p>A lo largo de estos dos \u00faltimos a\u00f1os he estado utilizando extensiones de pesta\u00f1as pelo a pelo &#8216;non-stop&#8217;. Las incondicionales lo sab\u00e9is, lo he publicado y recomendado por activa y por pasiva en el blog y en todas mis redes sociales. Bien. Har\u00e1 un par de meses, sin raz\u00f3n alguna decid\u00ed descansar, y en el proceso de crecimiento y recuperaci\u00f3n de mis pesta\u00f1as \u2013confirmo que pasadas 8 semanas estaban estupendas\u2013 me lanc\u00e9 (atrevida yo) a probar el \u2018lifting\u2019 y tinte de pesta\u00f1as. \u00bfPor qu\u00e9? Porque me pareci\u00f3 una alternativa natural a las extensiones de pesta\u00f1as pelo a pelo. Lo bueno de Vanitas Espai es que como las chicas (equipo Vanitas) prueban los tratamientos, las clientas vamos viendo los resultados y as\u00ed nos resulta mucho m\u00e1s f\u00e1cil lanzarnos a probar. Quiero se\u00f1alar que llevo meses utilizando [&hellip;]<\/p>\n","protected":false},"author":2,"featured_media":39632,"comment_status":"open","ping_status":"closed","sticky":false,"template":"","format":"standard","meta":{"footnotes":""},"categories":[218,255,222],"tags":[],"yoast_head":"<!-- This site is optimized with the Yoast SEO plugin v21.1 - https:\/\/yoast.com\/wordpress\/plugins\/seo\/ -->\n<title>Belleza: &#039;Lifting&#039; y tinte de pesta\u00f1as - Diario de Estilo<\/title>\n<meta name=\"robots\" content=\"index, follow, max-snippet:-1, max-image-preview:large, max-video-preview:-1\" \/>\n<link rel=\"canonical\" href=\"https:\/\/diariodeestilo.es\/en\/2017\/06\/16\/belleza-lifting-y-tinte-de-pestanas\/\" \/>\n<meta property=\"og:locale\" content=\"en_US\" \/>\n<meta property=\"og:type\" content=\"article\" \/>\n<meta property=\"og:title\" content=\"Belleza: &#039;Lifting&#039; y tinte de pesta\u00f1as - Diario de Estilo\" \/>\n<meta property=\"og:description\" content=\"A lo largo de estos dos \u00faltimos a\u00f1os he estado utilizando extensiones de pesta\u00f1as pelo a pelo &#8216;non-stop&#8217;. Las incondicionales lo sab\u00e9is, lo he publicado y recomendado por activa y por pasiva en el blog y en todas mis redes sociales. Bien. Har\u00e1 un par de meses, sin raz\u00f3n alguna decid\u00ed descansar, y en el proceso de crecimiento y recuperaci\u00f3n de mis pesta\u00f1as \u2013confirmo que pasadas 8 semanas estaban estupendas\u2013 me lanc\u00e9 (atrevida yo) a probar el \u2018lifting\u2019 y tinte de pesta\u00f1as. \u00bfPor qu\u00e9? Porque me pareci\u00f3 una alternativa natural a las extensiones de pesta\u00f1as pelo a pelo. Lo bueno de Vanitas Espai es que como las chicas (equipo Vanitas) prueban los tratamientos, las clientas vamos viendo los resultados y as\u00ed nos resulta mucho m\u00e1s f\u00e1cil lanzarnos a probar. Quiero se\u00f1alar que llevo meses utilizando [&hellip;]\" \/>\n<meta property=\"og:url\" content=\"https:\/\/diariodeestilo.es\/en\/2017\/06\/16\/belleza-lifting-y-tinte-de-pestanas\/\" \/>\n<meta property=\"og:site_name\" content=\"Diario de Estilo\" \/>\n<meta property=\"article:published_time\" content=\"2017-06-16T07:17:54+00:00\" \/>\n<meta property=\"article:modified_time\" content=\"2025-11-25T09:01:38+00:00\" \/>\n<meta property=\"og:image\" content=\"https:\/\/diariodeestilo.es\/wp-content\/uploads\/2017\/06\/Lifting-pesta\u00f1as-Vanitas-Espai-4-2-scaled.jpg\" \/>\n\t<meta property=\"og:image:width\" content=\"1920\" \/>\n\t<meta property=\"og:image:height\" content=\"2560\" \/>\n\t<meta property=\"og:image:type\" content=\"image\/jpeg\" \/>\n<meta name=\"author\" content=\"Mariona Planas\" \/>\n<meta name=\"twitter:card\" content=\"summary_large_image\" \/>\n<meta name=\"twitter:label1\" content=\"Written by\" \/>\n\t<meta name=\"twitter:data1\" content=\"Mariona Planas\" \/>\n\t<meta name=\"twitter:label2\" content=\"Est. reading time\" \/>\n\t<meta name=\"twitter:data2\" content=\"3 minutes\" \/>\n<script type=\"application\/ld+json\" class=\"yoast-schema-graph\">{\"@context\":\"https:\/\/schema.org\",\"@graph\":[{\"@type\":\"WebPage\",\"@id\":\"https:\/\/diariodeestilo.es\/en\/2017\/06\/16\/belleza-lifting-y-tinte-de-pestanas\/\",\"url\":\"https:\/\/diariodeestilo.es\/en\/2017\/06\/16\/belleza-lifting-y-tinte-de-pestanas\/\",\"name\":\"Belleza: 'Lifting' y tinte de pesta\u00f1as - Diario de Estilo\",\"isPartOf\":{\"@id\":\"https:\/\/diariodeestilo.es\/en\/#website\"},\"datePublished\":\"2017-06-16T07:17:54+00:00\",\"dateModified\":\"2025-11-25T09:01:38+00:00\",\"author\":{\"@id\":\"https:\/\/diariodeestilo.es\/en\/#\/schema\/person\/43934c18347f4c6412e111f5d11a4d45\"},\"breadcrumb\":{\"@id\":\"https:\/\/diariodeestilo.es\/en\/2017\/06\/16\/belleza-lifting-y-tinte-de-pestanas\/#breadcrumb\"},\"inLanguage\":\"en-US\",\"potentialAction\":[{\"@type\":\"ReadAction\",\"target\":[\"https:\/\/diariodeestilo.es\/en\/2017\/06\/16\/belleza-lifting-y-tinte-de-pestanas\/\"]}]},{\"@type\":\"BreadcrumbList\",\"@id\":\"https:\/\/diariodeestilo.es\/en\/2017\/06\/16\/belleza-lifting-y-tinte-de-pestanas\/#breadcrumb\",\"itemListElement\":[{\"@type\":\"ListItem\",\"position\":1,\"name\":\"Portada\",\"item\":\"https:\/\/diariodeestilo.es\/en\/\"},{\"@type\":\"ListItem\",\"position\":2,\"name\":\"Belleza: &#8216;Lifting&#8217; y tinte de pesta\u00f1as\"}]},{\"@type\":\"WebSite\",\"@id\":\"https:\/\/diariodeestilo.es\/en\/#website\",\"url\":\"https:\/\/diariodeestilo.es\/en\/\",\"name\":\"Diario de Estilo\",\"description\":\"by Mariona Planas\",\"potentialAction\":[{\"@type\":\"SearchAction\",\"target\":{\"@type\":\"EntryPoint\",\"urlTemplate\":\"https:\/\/diariodeestilo.es\/en\/?s={search_term_string}\"},\"query-input\":\"required name=search_term_string\"}],\"inLanguage\":\"en-US\"},{\"@type\":\"Person\",\"@id\":\"https:\/\/diariodeestilo.es\/en\/#\/schema\/person\/43934c18347f4c6412e111f5d11a4d45\",\"name\":\"Mariona Planas\",\"image\":{\"@type\":\"ImageObject\",\"inLanguage\":\"en-US\",\"@id\":\"https:\/\/diariodeestilo.es\/en\/#\/schema\/person\/image\/\",\"url\":\"https:\/\/secure.gravatar.com\/avatar\/f66a0cfcee8304bc37b4e88baff319df?s=96&d=mm&r=g\",\"contentUrl\":\"https:\/\/secure.gravatar.com\/avatar\/f66a0cfcee8304bc37b4e88baff319df?s=96&d=mm&r=g\",\"caption\":\"Mariona Planas\"},\"url\":\"https:\/\/diariodeestilo.es\/en\/author\/mariona\/\"}]}<\/script>\n<!-- \/ Yoast SEO plugin. -->","yoast_head_json":{"title":"Belleza: 'Lifting' y tinte de pesta\u00f1as - Diario de Estilo","robots":{"index":"index","follow":"follow","max-snippet":"max-snippet:-1","max-image-preview":"max-image-preview:large","max-video-preview":"max-video-preview:-1"},"canonical":"https:\/\/diariodeestilo.es\/en\/2017\/06\/16\/belleza-lifting-y-tinte-de-pestanas\/","og_locale":"en_US","og_type":"article","og_title":"Belleza: 'Lifting' y tinte de pesta\u00f1as - Diario de Estilo","og_description":"A lo largo de estos dos \u00faltimos a\u00f1os he estado utilizando extensiones de pesta\u00f1as pelo a pelo &#8216;non-stop&#8217;. Las incondicionales lo sab\u00e9is, lo he publicado y recomendado por activa y por pasiva en el blog y en todas mis redes sociales. Bien. Har\u00e1 un par de meses, sin raz\u00f3n alguna decid\u00ed descansar, y en el proceso de crecimiento y recuperaci\u00f3n de mis pesta\u00f1as \u2013confirmo que pasadas 8 semanas estaban estupendas\u2013 me lanc\u00e9 (atrevida yo) a probar el \u2018lifting\u2019 y tinte de pesta\u00f1as. \u00bfPor qu\u00e9? Porque me pareci\u00f3 una alternativa natural a las extensiones de pesta\u00f1as pelo a pelo. Lo bueno de Vanitas Espai es que como las chicas (equipo Vanitas) prueban los tratamientos, las clientas vamos viendo los resultados y as\u00ed nos resulta mucho m\u00e1s f\u00e1cil lanzarnos a probar. Quiero se\u00f1alar que llevo meses utilizando [&hellip;]","og_url":"https:\/\/diariodeestilo.es\/en\/2017\/06\/16\/belleza-lifting-y-tinte-de-pestanas\/","og_site_name":"Diario de Estilo","article_published_time":"2017-06-16T07:17:54+00:00","article_modified_time":"2025-11-25T09:01:38+00:00","og_image":[{"width":1920,"height":2560,"url":"https:\/\/diariodeestilo.es\/wp-content\/uploads\/2017\/06\/Lifting-pesta\u00f1as-Vanitas-Espai-4-2-scaled.jpg","type":"image\/jpeg"}],"author":"Mariona Planas","twitter_card":"summary_large_image","twitter_misc":{"Written by":"Mariona Planas","Est. reading time":"3 minutes"},"schema":{"@context":"https:\/\/schema.org","@graph":[{"@type":"WebPage","@id":"https:\/\/diariodeestilo.es\/en\/2017\/06\/16\/belleza-lifting-y-tinte-de-pestanas\/","url":"https:\/\/diariodeestilo.es\/en\/2017\/06\/16\/belleza-lifting-y-tinte-de-pestanas\/","name":"Belleza: 'Lifting' y tinte de pesta\u00f1as - Diario de Estilo","isPartOf":{"@id":"https:\/\/diariodeestilo.es\/en\/#website"},"datePublished":"2017-06-16T07:17:54+00:00","dateModified":"2025-11-25T09:01:38+00:00","author":{"@id":"https:\/\/diariodeestilo.es\/en\/#\/schema\/person\/43934c18347f4c6412e111f5d11a4d45"},"breadcrumb":{"@id":"https:\/\/diariodeestilo.es\/en\/2017\/06\/16\/belleza-lifting-y-tinte-de-pestanas\/#breadcrumb"},"inLanguage":"en-US","potentialAction":[{"@type":"ReadAction","target":["https:\/\/diariodeestilo.es\/en\/2017\/06\/16\/belleza-lifting-y-tinte-de-pestanas\/"]}]},{"@type":"BreadcrumbList","@id":"https:\/\/diariodeestilo.es\/en\/2017\/06\/16\/belleza-lifting-y-tinte-de-pestanas\/#breadcrumb","itemListElement":[{"@type":"ListItem","position":1,"name":"Portada","item":"https:\/\/diariodeestilo.es\/en\/"},{"@type":"ListItem","position":2,"name":"Belleza: &#8216;Lifting&#8217; y tinte de pesta\u00f1as"}]},{"@type":"WebSite","@id":"https:\/\/diariodeestilo.es\/en\/#website","url":"https:\/\/diariodeestilo.es\/en\/","name":"Diario de Estilo","description":"by Mariona Planas","potentialAction":[{"@type":"SearchAction","target":{"@type":"EntryPoint","urlTemplate":"https:\/\/diariodeestilo.es\/en\/?s={search_term_string}"},"query-input":"required name=search_term_string"}],"inLanguage":"en-US"},{"@type":"Person","@id":"https:\/\/diariodeestilo.es\/en\/#\/schema\/person\/43934c18347f4c6412e111f5d11a4d45","name":"Mariona Planas","image":{"@type":"ImageObject","inLanguage":"en-US","@id":"https:\/\/diariodeestilo.es\/en\/#\/schema\/person\/image\/","url":"https:\/\/secure.gravatar.com\/avatar\/f66a0cfcee8304bc37b4e88baff319df?s=96&d=mm&r=g","contentUrl":"https:\/\/secure.gravatar.com\/avatar\/f66a0cfcee8304bc37b4e88baff319df?s=96&d=mm&r=g","caption":"Mariona Planas"},"url":"https:\/\/diariodeestilo.es\/en\/author\/mariona\/"}]}},"_links":{"self":[{"href":"https:\/\/diariodeestilo.es\/en\/wp-json\/wp\/v2\/posts\/39645"}],"collection":[{"href":"https:\/\/diariodeestilo.es\/en\/wp-json\/wp\/v2\/posts"}],"about":[{"href":"https:\/\/diariodeestilo.es\/en\/wp-json\/wp\/v2\/types\/post"}],"author":[{"embeddable":true,"href":"https:\/\/diariodeestilo.es\/en\/wp-json\/wp\/v2\/users\/2"}],"replies":[{"embeddable":true,"href":"https:\/\/diariodeestilo.es\/en\/wp-json\/wp\/v2\/comments?post=39645"}],"version-history":[{"count":2,"href":"https:\/\/diariodeestilo.es\/en\/wp-json\/wp\/v2\/posts\/39645\/revisions"}],"predecessor-version":[{"id":39661,"href":"https:\/\/diariodeestilo.es\/en\/wp-json\/wp\/v2\/posts\/39645\/revisions\/39661"}],"wp:featuredmedia":[{"embeddable":true,"href":"https:\/\/diariodeestilo.es\/en\/wp-json\/wp\/v2\/media\/39632"}],"wp:attachment":[{"href":"https:\/\/diariodeestilo.es\/en\/wp-json\/wp\/v2\/media?parent=39645"}],"wp:term":[{"taxonomy":"category","embeddable":true,"href":"https:\/\/diariodeestilo.es\/en\/wp-json\/wp\/v2\/categories?post=39645"},{"taxonomy":"post_tag","embeddable":true,"href":"https:\/\/diariodeestilo.es\/en\/wp-json\/wp\/v2\/tags?post=39645"}],"curies":[{"name":"wp","href":"https:\/\/api.w.org\/{rel}","templated":true}]}}