{"id":40129,"date":"2020-08-10T00:01:00","date_gmt":"2020-08-09T22:01:00","guid":{"rendered":"https:\/\/diariodeestilo.es\/?p=40129"},"modified":"2020-08-06T18:55:41","modified_gmt":"2020-08-06T16:55:41","slug":"el-armario-del-futuro-debe-sumar-valores-imprescindibles","status":"publish","type":"post","link":"https:\/\/diariodeestilo.es\/en\/2020\/08\/10\/el-armario-del-futuro-debe-sumar-valores-imprescindibles\/","title":{"rendered":"The wardrobe of the future must take on core values"},"content":{"rendered":"\n<figure class=\"wp-block-image size-full\"><img decoding=\"async\" loading=\"lazy\" width=\"1000\" height=\"1500\" src=\"https:\/\/diariodeestilo.es\/wp-content\/uploads\/2020\/08\/GOLDEN-GOOSE-1.jpg\" alt=\"\" class=\"wp-image-40112\" srcset=\"https:\/\/diariodeestilo.es\/wp-content\/uploads\/2020\/08\/GOLDEN-GOOSE-1.jpg 1000w, https:\/\/diariodeestilo.es\/wp-content\/uploads\/2020\/08\/GOLDEN-GOOSE-1-200x300.jpg 200w, https:\/\/diariodeestilo.es\/wp-content\/uploads\/2020\/08\/GOLDEN-GOOSE-1-683x1024.jpg 683w, https:\/\/diariodeestilo.es\/wp-content\/uploads\/2020\/08\/GOLDEN-GOOSE-1-768x1152.jpg 768w\" sizes=\"(max-width: 1000px) 100vw, 1000px\" \/><\/figure>\n\n\n\n<p class=\"has-drop-cap\">I was reading recently: &#8220;\u2026brands have to be capable of acquiring an ironclad and comprehensive commitment so as to educate the consumer and to therefore make acquiring fashion become part of our DNA. We live at a time when we must be aware of what we get out of fashion and not go back to making the big past mistakes.&#8221; It is quite telling that Francesca Muston, Fashion Director at WGSN, shared, &#8220;Luxury products can be seen as an investment and, as a result, are a good counterattack against the problems in the fashion industry with disposable fashion and the throwaway culture. Promoting the longevity of high-quality and well-designed products is important for a sustainable future,&#8221; as Mar\u00eda Jos\u00e9 P\u00e9rez M\u00e9ndez said.<\/p>\n\n\n\n<figure class=\"wp-block-image size-full\"><img decoding=\"async\" loading=\"lazy\" width=\"1000\" height=\"1500\" src=\"https:\/\/diariodeestilo.es\/wp-content\/uploads\/2020\/08\/GOLDEN-GOOSE-2.jpg\" alt=\"\" class=\"wp-image-40114\" srcset=\"https:\/\/diariodeestilo.es\/wp-content\/uploads\/2020\/08\/GOLDEN-GOOSE-2.jpg 1000w, https:\/\/diariodeestilo.es\/wp-content\/uploads\/2020\/08\/GOLDEN-GOOSE-2-200x300.jpg 200w, https:\/\/diariodeestilo.es\/wp-content\/uploads\/2020\/08\/GOLDEN-GOOSE-2-683x1024.jpg 683w, https:\/\/diariodeestilo.es\/wp-content\/uploads\/2020\/08\/GOLDEN-GOOSE-2-768x1152.jpg 768w\" sizes=\"(max-width: 1000px) 100vw, 1000px\" \/><\/figure>\n\n\n\n<p>Today less is more if we\u2019re talking about responsible consumption. Investing in high-quality items of clothing and accessories that make up a decent wardrobe goes directly hand in hand with sustainability.<\/p>\n\n\n\n<p>Handcraftsmanship and manual production are fundamental in conversations about sustainability. Brands like the Venetian one Golden Goose, have made it an Italian tradition based on these premises, which is an essential value of their brand.<\/p>\n\n\n\n<figure class=\"wp-block-image size-full\"><img decoding=\"async\" loading=\"lazy\" width=\"1000\" height=\"1500\" src=\"https:\/\/diariodeestilo.es\/wp-content\/uploads\/2020\/08\/GOLDEN-GOOSE-3.jpg\" alt=\"\" class=\"wp-image-40116\" srcset=\"https:\/\/diariodeestilo.es\/wp-content\/uploads\/2020\/08\/GOLDEN-GOOSE-3.jpg 1000w, https:\/\/diariodeestilo.es\/wp-content\/uploads\/2020\/08\/GOLDEN-GOOSE-3-200x300.jpg 200w, https:\/\/diariodeestilo.es\/wp-content\/uploads\/2020\/08\/GOLDEN-GOOSE-3-683x1024.jpg 683w, https:\/\/diariodeestilo.es\/wp-content\/uploads\/2020\/08\/GOLDEN-GOOSE-3-768x1152.jpg 768w\" sizes=\"(max-width: 1000px) 100vw, 1000px\" \/><\/figure>\n\n\n\n<p>&#8220;When we started making trainers, we began by compiling a list of memories and stimuli, moulding them together until our vision materialized. We travelled by picking up items from all places and objects that remind us of the journey that we have been on. But in the end, we\u2019re going back home, working with artisans to ensure we don\u2019t forget about the quality with a few little hand-painted touches and by preserving our Italian legacy.&#8221;<\/p>\n\n\n\n<figure class=\"wp-block-image size-full\"><img decoding=\"async\" loading=\"lazy\" width=\"1707\" height=\"2560\" src=\"https:\/\/diariodeestilo.es\/wp-content\/uploads\/2020\/08\/GOLDEN-GOOSE-4-scaled.jpg\" alt=\"\" class=\"wp-image-40118\" srcset=\"https:\/\/diariodeestilo.es\/wp-content\/uploads\/2020\/08\/GOLDEN-GOOSE-4-scaled.jpg 1707w, https:\/\/diariodeestilo.es\/wp-content\/uploads\/2020\/08\/GOLDEN-GOOSE-4-200x300.jpg 200w, https:\/\/diariodeestilo.es\/wp-content\/uploads\/2020\/08\/GOLDEN-GOOSE-4-683x1024.jpg 683w, https:\/\/diariodeestilo.es\/wp-content\/uploads\/2020\/08\/GOLDEN-GOOSE-4-768x1152.jpg 768w, https:\/\/diariodeestilo.es\/wp-content\/uploads\/2020\/08\/GOLDEN-GOOSE-4-1024x1536.jpg 1024w, https:\/\/diariodeestilo.es\/wp-content\/uploads\/2020\/08\/GOLDEN-GOOSE-4-1365x2048.jpg 1365w, https:\/\/diariodeestilo.es\/wp-content\/uploads\/2020\/08\/GOLDEN-GOOSE-4-1140x1710.jpg 1140w, https:\/\/diariodeestilo.es\/wp-content\/uploads\/2020\/08\/GOLDEN-GOOSE-4-1920x2880.jpg 1920w\" sizes=\"(max-width: 1707px) 100vw, 1707px\" \/><\/figure>\n\n\n\n<p>&#8220;This is the reason why handcraftsmanship and manual production are fundamental in our work. Because the Italian tradition is, and always will be, an indispensable value of our brand.&#8221;<\/p>\n\n\n\n<p>&#8220;We want to keep this tradition alive, to adapt it to the contemporary world and pass on the warm nature of the handcraftsmanship via perfect imperfections.&#8221;<\/p>\n\n\n\n<figure class=\"wp-block-image size-full\"><img decoding=\"async\" loading=\"lazy\" width=\"1000\" height=\"1500\" src=\"https:\/\/diariodeestilo.es\/wp-content\/uploads\/2020\/08\/GOLDEN-GOOSE-5.jpg\" alt=\"\" class=\"wp-image-40120\" srcset=\"https:\/\/diariodeestilo.es\/wp-content\/uploads\/2020\/08\/GOLDEN-GOOSE-5.jpg 1000w, https:\/\/diariodeestilo.es\/wp-content\/uploads\/2020\/08\/GOLDEN-GOOSE-5-200x300.jpg 200w, https:\/\/diariodeestilo.es\/wp-content\/uploads\/2020\/08\/GOLDEN-GOOSE-5-683x1024.jpg 683w, https:\/\/diariodeestilo.es\/wp-content\/uploads\/2020\/08\/GOLDEN-GOOSE-5-768x1152.jpg 768w\" sizes=\"(max-width: 1000px) 100vw, 1000px\" \/><\/figure>\n\n\n\n<p>My future wardrobe also has extravagant undertones to break us the basic, neutral and comfortable pieces. Among them, the oversized jeans with \u2018strass all over\u2019 appliqu\u00e9s by the Italian brand Golden Goose.<\/p>\n\n\n\n<p>&#8220;The collection of Golden Goose jeans and trousers is characterised by its vintage style, its top-notch materials and its artisan tradition. The GGDB selection presents a versatile and contemporary idea of dressing up that revisits emblematic items of clothing to make them special. Every moment is unique: from the most classical dressmaking techniques used for the decorated jeans with lovely appliqu\u00e9s; from the high-quality denim of the unique detailing with studs, sequins or splashes of colour. All of this is in keeping with our artisan \u2018Made in Italy\u2019 tradition.&#8221;<\/p>\n\n\n\n<p>Repositioning ourselves, re-educating ourselves, and keeping up the willingness to improve by going for a better sustainable future.<\/p>\n\n\n\n<figure class=\"wp-block-image size-full\"><img decoding=\"async\" loading=\"lazy\" width=\"1000\" height=\"1500\" src=\"https:\/\/diariodeestilo.es\/wp-content\/uploads\/2020\/08\/GOLDEN-GOOSE-6.jpg\" alt=\"\" class=\"wp-image-40122\" srcset=\"https:\/\/diariodeestilo.es\/wp-content\/uploads\/2020\/08\/GOLDEN-GOOSE-6.jpg 1000w, https:\/\/diariodeestilo.es\/wp-content\/uploads\/2020\/08\/GOLDEN-GOOSE-6-200x300.jpg 200w, https:\/\/diariodeestilo.es\/wp-content\/uploads\/2020\/08\/GOLDEN-GOOSE-6-683x1024.jpg 683w, https:\/\/diariodeestilo.es\/wp-content\/uploads\/2020\/08\/GOLDEN-GOOSE-6-768x1152.jpg 768w\" sizes=\"(max-width: 1000px) 100vw, 1000px\" \/><\/figure>\n\n\n\n<p>T-shirt and Breezy jean: <strong><a href=\"https:\/\/www.goldengoose.com\/es\/es\/vaqueros-breezy-con-strass-all-over-cod-G36WP184.A1.html\">Golden Goose<\/a><\/strong>. For sale in your shop at Paseo de Gracia, 104. Barcelona. Info: 937763917.  Short chain in antique silver (37,46\u20ac)&nbsp;<a href=\"https:\/\/www.sitanevado.com\/en\/short-chain-in-antique-silver\">here<\/a>:&nbsp;<a href=\"https:\/\/www.sitanevado.com\/en\/\"><strong>Sita Nevado<\/strong><\/a>. Info: 934675916. Sandals: <strong>Jimmy Choo<\/strong>. Sunglasses: Le Specs for&nbsp;<strong><a href=\"https:\/\/tanngo.shop\/producto\/gafas-de-sol-i-feel-love-le-specs\/\">Tanngo Shop<\/a><\/strong>.<\/p>\n\n\n\n<figure class=\"wp-block-image size-full\"><img decoding=\"async\" loading=\"lazy\" width=\"1000\" height=\"1500\" src=\"https:\/\/diariodeestilo.es\/wp-content\/uploads\/2020\/08\/GOLDEN-GOOSE-7.jpg\" alt=\"\" class=\"wp-image-40125\" srcset=\"https:\/\/diariodeestilo.es\/wp-content\/uploads\/2020\/08\/GOLDEN-GOOSE-7.jpg 1000w, https:\/\/diariodeestilo.es\/wp-content\/uploads\/2020\/08\/GOLDEN-GOOSE-7-200x300.jpg 200w, https:\/\/diariodeestilo.es\/wp-content\/uploads\/2020\/08\/GOLDEN-GOOSE-7-683x1024.jpg 683w, https:\/\/diariodeestilo.es\/wp-content\/uploads\/2020\/08\/GOLDEN-GOOSE-7-768x1152.jpg 768w\" sizes=\"(max-width: 1000px) 100vw, 1000px\" \/><\/figure>\n\n\n\n<p>Photography:&nbsp;<a href=\"https:\/\/patriciabonet.com\/\"><strong>Patricia Bonet<\/strong><\/a>.<br>Production and styling:&nbsp;<strong>Mariona Planas<\/strong>.<\/p>\n\n\n\n<p>Hair and and make up:&nbsp;<strong><a href=\"https:\/\/nuriaribera.net\/\">Nuria Ribera<\/a><\/strong>.<br>Woodlights &#8211; manicure &#8211; pedicure:&nbsp;<strong><a href=\"https:\/\/vanitasespai.es\/\">Vanitas Espai<\/a><\/strong>.<\/p>\n","protected":false},"excerpt":{"rendered":"<p>I was reading recently: &#8220;\u2026brands have to be capable of acquiring an ironclad and comprehensive commitment so as to educate the consumer and to therefore make acquiring fashion become part of our DNA. We live at a time when we must be aware of what we get out of fashion and not go back to making the big past mistakes.&#8221; It is quite telling that Francesca Muston, Fashion Director at WGSN, shared, &#8220;Luxury products can be seen as an investment and, as a result, are a good counterattack against the problems in the fashion industry with disposable fashion and the throwaway culture. Promoting the longevity of high-quality and well-designed products is important for a sustainable future,&#8221; as Mar\u00eda Jos\u00e9 P\u00e9rez M\u00e9ndez said. Today less is more if we\u2019re talking about responsible consumption. Investing in high-quality [&hellip;]<\/p>\n","protected":false},"author":2,"featured_media":40119,"comment_status":"open","ping_status":"open","sticky":false,"template":"","format":"standard","meta":{"footnotes":""},"categories":[220,222],"tags":[],"yoast_head":"<!-- This site is optimized with the Yoast SEO plugin v21.1 - https:\/\/yoast.com\/wordpress\/plugins\/seo\/ -->\n<title>The wardrobe of the future must take on core values - Diario de Estilo<\/title>\n<meta name=\"robots\" content=\"index, follow, max-snippet:-1, max-image-preview:large, max-video-preview:-1\" \/>\n<link rel=\"canonical\" href=\"https:\/\/diariodeestilo.es\/en\/2020\/08\/10\/el-armario-del-futuro-debe-sumar-valores-imprescindibles\/\" \/>\n<meta property=\"og:locale\" content=\"en_US\" \/>\n<meta property=\"og:type\" content=\"article\" \/>\n<meta property=\"og:title\" content=\"The wardrobe of the future must take on core values - Diario de Estilo\" \/>\n<meta property=\"og:description\" content=\"I was reading recently: &#8220;\u2026brands have to be capable of acquiring an ironclad and comprehensive commitment so as to educate the consumer and to therefore make acquiring fashion become part of our DNA. We live at a time when we must be aware of what we get out of fashion and not go back to making the big past mistakes.&#8221; It is quite telling that Francesca Muston, Fashion Director at WGSN, shared, &#8220;Luxury products can be seen as an investment and, as a result, are a good counterattack against the problems in the fashion industry with disposable fashion and the throwaway culture. Promoting the longevity of high-quality and well-designed products is important for a sustainable future,&#8221; as Mar\u00eda Jos\u00e9 P\u00e9rez M\u00e9ndez said. Today less is more if we\u2019re talking about responsible consumption. Investing in high-quality [&hellip;]\" \/>\n<meta property=\"og:url\" content=\"https:\/\/diariodeestilo.es\/en\/2020\/08\/10\/el-armario-del-futuro-debe-sumar-valores-imprescindibles\/\" \/>\n<meta property=\"og:site_name\" content=\"Diario de Estilo\" \/>\n<meta property=\"article:published_time\" content=\"2020-08-09T22:01:00+00:00\" \/>\n<meta property=\"article:modified_time\" content=\"2020-08-06T16:55:41+00:00\" \/>\n<meta property=\"og:image\" content=\"https:\/\/diariodeestilo.es\/wp-content\/uploads\/2020\/08\/GOLDEN-GOOSE-4-scaled.jpg\" \/>\n\t<meta property=\"og:image:width\" content=\"1707\" \/>\n\t<meta property=\"og:image:height\" content=\"2560\" \/>\n\t<meta property=\"og:image:type\" content=\"image\/jpeg\" \/>\n<meta name=\"author\" content=\"Mariona Planas\" \/>\n<meta name=\"twitter:card\" content=\"summary_large_image\" \/>\n<meta name=\"twitter:label1\" content=\"Written by\" \/>\n\t<meta name=\"twitter:data1\" content=\"Mariona Planas\" \/>\n\t<meta name=\"twitter:label2\" content=\"Est. reading time\" \/>\n\t<meta name=\"twitter:data2\" content=\"3 minutes\" \/>\n<script type=\"application\/ld+json\" class=\"yoast-schema-graph\">{\"@context\":\"https:\/\/schema.org\",\"@graph\":[{\"@type\":\"WebPage\",\"@id\":\"https:\/\/diariodeestilo.es\/en\/2020\/08\/10\/el-armario-del-futuro-debe-sumar-valores-imprescindibles\/\",\"url\":\"https:\/\/diariodeestilo.es\/en\/2020\/08\/10\/el-armario-del-futuro-debe-sumar-valores-imprescindibles\/\",\"name\":\"The wardrobe of the future must take on core values - Diario de Estilo\",\"isPartOf\":{\"@id\":\"https:\/\/diariodeestilo.es\/en\/#website\"},\"datePublished\":\"2020-08-09T22:01:00+00:00\",\"dateModified\":\"2020-08-06T16:55:41+00:00\",\"author\":{\"@id\":\"https:\/\/diariodeestilo.es\/en\/#\/schema\/person\/43934c18347f4c6412e111f5d11a4d45\"},\"breadcrumb\":{\"@id\":\"https:\/\/diariodeestilo.es\/en\/2020\/08\/10\/el-armario-del-futuro-debe-sumar-valores-imprescindibles\/#breadcrumb\"},\"inLanguage\":\"en-US\",\"potentialAction\":[{\"@type\":\"ReadAction\",\"target\":[\"https:\/\/diariodeestilo.es\/en\/2020\/08\/10\/el-armario-del-futuro-debe-sumar-valores-imprescindibles\/\"]}]},{\"@type\":\"BreadcrumbList\",\"@id\":\"https:\/\/diariodeestilo.es\/en\/2020\/08\/10\/el-armario-del-futuro-debe-sumar-valores-imprescindibles\/#breadcrumb\",\"itemListElement\":[{\"@type\":\"ListItem\",\"position\":1,\"name\":\"Portada\",\"item\":\"https:\/\/diariodeestilo.es\/en\/\"},{\"@type\":\"ListItem\",\"position\":2,\"name\":\"The wardrobe of the future must take on core values\"}]},{\"@type\":\"WebSite\",\"@id\":\"https:\/\/diariodeestilo.es\/en\/#website\",\"url\":\"https:\/\/diariodeestilo.es\/en\/\",\"name\":\"Diario de Estilo\",\"description\":\"by Mariona Planas\",\"potentialAction\":[{\"@type\":\"SearchAction\",\"target\":{\"@type\":\"EntryPoint\",\"urlTemplate\":\"https:\/\/diariodeestilo.es\/en\/?s={search_term_string}\"},\"query-input\":\"required name=search_term_string\"}],\"inLanguage\":\"en-US\"},{\"@type\":\"Person\",\"@id\":\"https:\/\/diariodeestilo.es\/en\/#\/schema\/person\/43934c18347f4c6412e111f5d11a4d45\",\"name\":\"Mariona Planas\",\"image\":{\"@type\":\"ImageObject\",\"inLanguage\":\"en-US\",\"@id\":\"https:\/\/diariodeestilo.es\/en\/#\/schema\/person\/image\/\",\"url\":\"https:\/\/secure.gravatar.com\/avatar\/f66a0cfcee8304bc37b4e88baff319df?s=96&d=mm&r=g\",\"contentUrl\":\"https:\/\/secure.gravatar.com\/avatar\/f66a0cfcee8304bc37b4e88baff319df?s=96&d=mm&r=g\",\"caption\":\"Mariona Planas\"},\"url\":\"https:\/\/diariodeestilo.es\/en\/author\/mariona\/\"}]}<\/script>\n<!-- \/ Yoast SEO plugin. -->","yoast_head_json":{"title":"The wardrobe of the future must take on core values - Diario de Estilo","robots":{"index":"index","follow":"follow","max-snippet":"max-snippet:-1","max-image-preview":"max-image-preview:large","max-video-preview":"max-video-preview:-1"},"canonical":"https:\/\/diariodeestilo.es\/en\/2020\/08\/10\/el-armario-del-futuro-debe-sumar-valores-imprescindibles\/","og_locale":"en_US","og_type":"article","og_title":"The wardrobe of the future must take on core values - Diario de Estilo","og_description":"I was reading recently: &#8220;\u2026brands have to be capable of acquiring an ironclad and comprehensive commitment so as to educate the consumer and to therefore make acquiring fashion become part of our DNA. We live at a time when we must be aware of what we get out of fashion and not go back to making the big past mistakes.&#8221; It is quite telling that Francesca Muston, Fashion Director at WGSN, shared, &#8220;Luxury products can be seen as an investment and, as a result, are a good counterattack against the problems in the fashion industry with disposable fashion and the throwaway culture. Promoting the longevity of high-quality and well-designed products is important for a sustainable future,&#8221; as Mar\u00eda Jos\u00e9 P\u00e9rez M\u00e9ndez said. Today less is more if we\u2019re talking about responsible consumption. Investing in high-quality [&hellip;]","og_url":"https:\/\/diariodeestilo.es\/en\/2020\/08\/10\/el-armario-del-futuro-debe-sumar-valores-imprescindibles\/","og_site_name":"Diario de Estilo","article_published_time":"2020-08-09T22:01:00+00:00","article_modified_time":"2020-08-06T16:55:41+00:00","og_image":[{"width":1707,"height":2560,"url":"https:\/\/diariodeestilo.es\/wp-content\/uploads\/2020\/08\/GOLDEN-GOOSE-4-scaled.jpg","type":"image\/jpeg"}],"author":"Mariona Planas","twitter_card":"summary_large_image","twitter_misc":{"Written by":"Mariona Planas","Est. reading time":"3 minutes"},"schema":{"@context":"https:\/\/schema.org","@graph":[{"@type":"WebPage","@id":"https:\/\/diariodeestilo.es\/en\/2020\/08\/10\/el-armario-del-futuro-debe-sumar-valores-imprescindibles\/","url":"https:\/\/diariodeestilo.es\/en\/2020\/08\/10\/el-armario-del-futuro-debe-sumar-valores-imprescindibles\/","name":"The wardrobe of the future must take on core values - Diario de Estilo","isPartOf":{"@id":"https:\/\/diariodeestilo.es\/en\/#website"},"datePublished":"2020-08-09T22:01:00+00:00","dateModified":"2020-08-06T16:55:41+00:00","author":{"@id":"https:\/\/diariodeestilo.es\/en\/#\/schema\/person\/43934c18347f4c6412e111f5d11a4d45"},"breadcrumb":{"@id":"https:\/\/diariodeestilo.es\/en\/2020\/08\/10\/el-armario-del-futuro-debe-sumar-valores-imprescindibles\/#breadcrumb"},"inLanguage":"en-US","potentialAction":[{"@type":"ReadAction","target":["https:\/\/diariodeestilo.es\/en\/2020\/08\/10\/el-armario-del-futuro-debe-sumar-valores-imprescindibles\/"]}]},{"@type":"BreadcrumbList","@id":"https:\/\/diariodeestilo.es\/en\/2020\/08\/10\/el-armario-del-futuro-debe-sumar-valores-imprescindibles\/#breadcrumb","itemListElement":[{"@type":"ListItem","position":1,"name":"Portada","item":"https:\/\/diariodeestilo.es\/en\/"},{"@type":"ListItem","position":2,"name":"The wardrobe of the future must take on core values"}]},{"@type":"WebSite","@id":"https:\/\/diariodeestilo.es\/en\/#website","url":"https:\/\/diariodeestilo.es\/en\/","name":"Diario de Estilo","description":"by Mariona Planas","potentialAction":[{"@type":"SearchAction","target":{"@type":"EntryPoint","urlTemplate":"https:\/\/diariodeestilo.es\/en\/?s={search_term_string}"},"query-input":"required name=search_term_string"}],"inLanguage":"en-US"},{"@type":"Person","@id":"https:\/\/diariodeestilo.es\/en\/#\/schema\/person\/43934c18347f4c6412e111f5d11a4d45","name":"Mariona Planas","image":{"@type":"ImageObject","inLanguage":"en-US","@id":"https:\/\/diariodeestilo.es\/en\/#\/schema\/person\/image\/","url":"https:\/\/secure.gravatar.com\/avatar\/f66a0cfcee8304bc37b4e88baff319df?s=96&d=mm&r=g","contentUrl":"https:\/\/secure.gravatar.com\/avatar\/f66a0cfcee8304bc37b4e88baff319df?s=96&d=mm&r=g","caption":"Mariona Planas"},"url":"https:\/\/diariodeestilo.es\/en\/author\/mariona\/"}]}},"_links":{"self":[{"href":"https:\/\/diariodeestilo.es\/en\/wp-json\/wp\/v2\/posts\/40129"}],"collection":[{"href":"https:\/\/diariodeestilo.es\/en\/wp-json\/wp\/v2\/posts"}],"about":[{"href":"https:\/\/diariodeestilo.es\/en\/wp-json\/wp\/v2\/types\/post"}],"author":[{"embeddable":true,"href":"https:\/\/diariodeestilo.es\/en\/wp-json\/wp\/v2\/users\/2"}],"replies":[{"embeddable":true,"href":"https:\/\/diariodeestilo.es\/en\/wp-json\/wp\/v2\/comments?post=40129"}],"version-history":[{"count":2,"href":"https:\/\/diariodeestilo.es\/en\/wp-json\/wp\/v2\/posts\/40129\/revisions"}],"predecessor-version":[{"id":40133,"href":"https:\/\/diariodeestilo.es\/en\/wp-json\/wp\/v2\/posts\/40129\/revisions\/40133"}],"wp:featuredmedia":[{"embeddable":true,"href":"https:\/\/diariodeestilo.es\/en\/wp-json\/wp\/v2\/media\/40119"}],"wp:attachment":[{"href":"https:\/\/diariodeestilo.es\/en\/wp-json\/wp\/v2\/media?parent=40129"}],"wp:term":[{"taxonomy":"category","embeddable":true,"href":"https:\/\/diariodeestilo.es\/en\/wp-json\/wp\/v2\/categories?post=40129"},{"taxonomy":"post_tag","embeddable":true,"href":"https:\/\/diariodeestilo.es\/en\/wp-json\/wp\/v2\/tags?post=40129"}],"curies":[{"name":"wp","href":"https:\/\/api.w.org\/{rel}","templated":true}]}}