{"id":43433,"date":"2019-12-02T11:27:33","date_gmt":"2019-12-02T10:27:33","guid":{"rendered":"https:\/\/diariodeestilo.es\/2019\/12\/02\/de-una-cena-de-trabajo-a-una-celebracion-familiar-un-vestido-a-prueba-de-fiestas\/"},"modified":"2021-05-04T11:26:21","modified_gmt":"2021-05-04T09:26:21","slug":"de-una-cena-de-trabajo-a-una-celebracion-familiar-un-vestido-a-prueba-de-fiestas","status":"publish","type":"post","link":"https:\/\/diariodeestilo.es\/en\/2019\/12\/02\/de-una-cena-de-trabajo-a-una-celebracion-familiar-un-vestido-a-prueba-de-fiestas\/","title":{"rendered":"De una cena de trabajo a una celebraci\u00f3n familiar: un vestido a prueba de fiestas"},"content":{"rendered":"<p><img decoding=\"async\" loading=\"lazy\" class=\"alignnone size-full wp-image-43419\" src=\"https:\/\/diariodeestilo.es\/wp-content\/uploads\/2019\/12\/Paul-Smith-Dress-AW19-1F.jpg\" alt=\"\" width=\"1500\" height=\"2250\" srcset=\"https:\/\/diariodeestilo.es\/wp-content\/uploads\/2019\/12\/Paul-Smith-Dress-AW19-1F.jpg 1500w, https:\/\/diariodeestilo.es\/wp-content\/uploads\/2019\/12\/Paul-Smith-Dress-AW19-1F-200x300.jpg 200w, https:\/\/diariodeestilo.es\/wp-content\/uploads\/2019\/12\/Paul-Smith-Dress-AW19-1F-683x1024.jpg 683w, https:\/\/diariodeestilo.es\/wp-content\/uploads\/2019\/12\/Paul-Smith-Dress-AW19-1F-768x1152.jpg 768w, https:\/\/diariodeestilo.es\/wp-content\/uploads\/2019\/12\/Paul-Smith-Dress-AW19-1F-1024x1536.jpg 1024w, https:\/\/diariodeestilo.es\/wp-content\/uploads\/2019\/12\/Paul-Smith-Dress-AW19-1F-1365x2048.jpg 1365w, https:\/\/diariodeestilo.es\/wp-content\/uploads\/2019\/12\/Paul-Smith-Dress-AW19-1F-1140x1710.jpg 1140w\" sizes=\"(max-width: 1500px) 100vw, 1500px\" \/>A d\u00eda 2 de diciembre las agendas de medio planeta est\u00e1n llenas de comidas y cenas prenavide\u00f1as. Una carrera maratoniana a la que debemos sobrevivir, y que cada a\u00f1o nos plantea las mismas preguntas: \u00bfQu\u00e9 me pongo? \u00bfTiro de cl\u00e1sicos, o no?<\/p>\n<p style=\"margin-top: 30px;\"><img decoding=\"async\" loading=\"lazy\" class=\"alignnone size-full wp-image-43421\" src=\"https:\/\/diariodeestilo.es\/wp-content\/uploads\/2019\/12\/Paul-Smith-Dress-AW19-2F.jpg\" alt=\"\" width=\"1500\" height=\"2250\" srcset=\"https:\/\/diariodeestilo.es\/wp-content\/uploads\/2019\/12\/Paul-Smith-Dress-AW19-2F.jpg 1500w, https:\/\/diariodeestilo.es\/wp-content\/uploads\/2019\/12\/Paul-Smith-Dress-AW19-2F-200x300.jpg 200w, https:\/\/diariodeestilo.es\/wp-content\/uploads\/2019\/12\/Paul-Smith-Dress-AW19-2F-683x1024.jpg 683w, https:\/\/diariodeestilo.es\/wp-content\/uploads\/2019\/12\/Paul-Smith-Dress-AW19-2F-768x1152.jpg 768w, https:\/\/diariodeestilo.es\/wp-content\/uploads\/2019\/12\/Paul-Smith-Dress-AW19-2F-1024x1536.jpg 1024w, https:\/\/diariodeestilo.es\/wp-content\/uploads\/2019\/12\/Paul-Smith-Dress-AW19-2F-1365x2048.jpg 1365w, https:\/\/diariodeestilo.es\/wp-content\/uploads\/2019\/12\/Paul-Smith-Dress-AW19-2F-1140x1710.jpg 1140w\" sizes=\"(max-width: 1500px) 100vw, 1500px\" \/>Este 2019 os animo a todas a revisar vuestro fondo de armario, a crear nuevos \u2018looks\u2019 reversionando vuestras prendas cl\u00e1sicas que transmitan c\u00f3mo os sent\u00eds y c\u00f3mo os apetece veros y celebrar las fiestas prenavide\u00f1as. Dedicad un poco de tiempo a probar, a equivocaros, y finalmente a encontrar esa nueva versi\u00f3n de vosotras mismas.<\/p>\n<p style=\"margin-top: 30px;\"><img decoding=\"async\" loading=\"lazy\" class=\"alignnone size-full wp-image-43424\" src=\"https:\/\/diariodeestilo.es\/wp-content\/uploads\/2019\/12\/Paul-Smith-Dress-AW19-3F.jpg\" alt=\"\" width=\"1500\" height=\"2249\" srcset=\"https:\/\/diariodeestilo.es\/wp-content\/uploads\/2019\/12\/Paul-Smith-Dress-AW19-3F.jpg 1500w, https:\/\/diariodeestilo.es\/wp-content\/uploads\/2019\/12\/Paul-Smith-Dress-AW19-3F-200x300.jpg 200w, https:\/\/diariodeestilo.es\/wp-content\/uploads\/2019\/12\/Paul-Smith-Dress-AW19-3F-683x1024.jpg 683w, https:\/\/diariodeestilo.es\/wp-content\/uploads\/2019\/12\/Paul-Smith-Dress-AW19-3F-768x1151.jpg 768w, https:\/\/diariodeestilo.es\/wp-content\/uploads\/2019\/12\/Paul-Smith-Dress-AW19-3F-1024x1536.jpg 1024w, https:\/\/diariodeestilo.es\/wp-content\/uploads\/2019\/12\/Paul-Smith-Dress-AW19-3F-1366x2048.jpg 1366w, https:\/\/diariodeestilo.es\/wp-content\/uploads\/2019\/12\/Paul-Smith-Dress-AW19-3F-1140x1709.jpg 1140w\" sizes=\"(max-width: 1500px) 100vw, 1500px\" \/>Y si os apetece estrenar, apostad por prendas de calidad, vers\u00e1tiles, y de largo recorrido. Entre mis propuestas, los vestidos ultrafemeninos de Paul Smith que ampl\u00edan, a\u00f1o tras a\u00f1o, el territorio de los estampados eternos: rayas, flores, animales, cenefas\u2026 Todos son diferentes, pero retienen ese caracter\u00edstico \u2018algo\u2019 especial que los hace \u00fanicos.<\/p>\n<p style=\"margin-top: 30px;\"><img decoding=\"async\" loading=\"lazy\" class=\"alignnone size-full wp-image-43426\" src=\"https:\/\/diariodeestilo.es\/wp-content\/uploads\/2019\/12\/Paul-Smith-Dress-AW19-4F.jpg\" alt=\"\" width=\"1500\" height=\"2250\" srcset=\"https:\/\/diariodeestilo.es\/wp-content\/uploads\/2019\/12\/Paul-Smith-Dress-AW19-4F.jpg 1500w, https:\/\/diariodeestilo.es\/wp-content\/uploads\/2019\/12\/Paul-Smith-Dress-AW19-4F-200x300.jpg 200w, https:\/\/diariodeestilo.es\/wp-content\/uploads\/2019\/12\/Paul-Smith-Dress-AW19-4F-683x1024.jpg 683w, https:\/\/diariodeestilo.es\/wp-content\/uploads\/2019\/12\/Paul-Smith-Dress-AW19-4F-768x1152.jpg 768w, https:\/\/diariodeestilo.es\/wp-content\/uploads\/2019\/12\/Paul-Smith-Dress-AW19-4F-1024x1536.jpg 1024w, https:\/\/diariodeestilo.es\/wp-content\/uploads\/2019\/12\/Paul-Smith-Dress-AW19-4F-1365x2048.jpg 1365w, https:\/\/diariodeestilo.es\/wp-content\/uploads\/2019\/12\/Paul-Smith-Dress-AW19-4F-1140x1710.jpg 1140w\" sizes=\"(max-width: 1500px) 100vw, 1500px\" \/>Mi vestido con aves estampadas y botas altas respira la est\u00e9tica \u2018boho\u2019 de los a\u00f1os 70, perfecta tanto para una cena de trabajo como para una comida familiar. Cambiando accesorios (zapatos, bolso\u2026), peinado, joyas, el resultado puede ser completamente distinto. \u00a1Chic al m\u00e1ximo!<\/p>\n<p style=\"margin-top: 30px;\"><img decoding=\"async\" loading=\"lazy\" class=\"alignnone size-full wp-image-43428\" src=\"https:\/\/diariodeestilo.es\/wp-content\/uploads\/2019\/12\/Paul-Smith-Dress-AW19-6F.jpg\" alt=\"\" width=\"1500\" height=\"2250\" srcset=\"https:\/\/diariodeestilo.es\/wp-content\/uploads\/2019\/12\/Paul-Smith-Dress-AW19-6F.jpg 1500w, https:\/\/diariodeestilo.es\/wp-content\/uploads\/2019\/12\/Paul-Smith-Dress-AW19-6F-200x300.jpg 200w, https:\/\/diariodeestilo.es\/wp-content\/uploads\/2019\/12\/Paul-Smith-Dress-AW19-6F-683x1024.jpg 683w, https:\/\/diariodeestilo.es\/wp-content\/uploads\/2019\/12\/Paul-Smith-Dress-AW19-6F-768x1152.jpg 768w, https:\/\/diariodeestilo.es\/wp-content\/uploads\/2019\/12\/Paul-Smith-Dress-AW19-6F-1024x1536.jpg 1024w, https:\/\/diariodeestilo.es\/wp-content\/uploads\/2019\/12\/Paul-Smith-Dress-AW19-6F-1365x2048.jpg 1365w, https:\/\/diariodeestilo.es\/wp-content\/uploads\/2019\/12\/Paul-Smith-Dress-AW19-6F-1140x1710.jpg 1140w\" sizes=\"(max-width: 1500px) 100vw, 1500px\" \/>Vestido: Paul Smith OI19 para <a href=\"https:\/\/www.lacomercial.info\/es\/\"><strong>La Comercial<\/strong><\/a>. De venta en la nueva tienda dedicada al dise\u00f1ador <strong>Paul Smith<\/strong> c\/ Bonaire, 7 en el Born de Barcelona de La Comercial. Info: 93 1600114. Botas altas hasta la rodilla de cuero liso negro modelo Mavis: <a href=\"https:\/\/row.jimmychoo.com\/en\/women\/shoes\/boots\/mavis-85\/black-smooth-leather-knee-high-boots-MAVIS85SQM010003.html?cgid=women-shoes-boots#start=1\"><strong>Jimmy Choo<\/strong><\/a> AW19. De venta en su tienda de Barcelona Jimmy Choo c\/ Paseo de Gracia, 97. Info: 932726959. Anillo: <a href=\"https:\/\/paolaq.com\/es\/\"><strong>PaolaQ<\/strong><\/a>.<\/p>\n<p><img decoding=\"async\" loading=\"lazy\" class=\"alignnone size-full wp-image-43430\" src=\"https:\/\/diariodeestilo.es\/wp-content\/uploads\/2019\/12\/Paul-Smith-Dress-AW19-5F.jpg\" alt=\"\" width=\"1500\" height=\"2250\" srcset=\"https:\/\/diariodeestilo.es\/wp-content\/uploads\/2019\/12\/Paul-Smith-Dress-AW19-5F.jpg 1500w, https:\/\/diariodeestilo.es\/wp-content\/uploads\/2019\/12\/Paul-Smith-Dress-AW19-5F-200x300.jpg 200w, https:\/\/diariodeestilo.es\/wp-content\/uploads\/2019\/12\/Paul-Smith-Dress-AW19-5F-683x1024.jpg 683w, https:\/\/diariodeestilo.es\/wp-content\/uploads\/2019\/12\/Paul-Smith-Dress-AW19-5F-768x1152.jpg 768w, https:\/\/diariodeestilo.es\/wp-content\/uploads\/2019\/12\/Paul-Smith-Dress-AW19-5F-1024x1536.jpg 1024w, https:\/\/diariodeestilo.es\/wp-content\/uploads\/2019\/12\/Paul-Smith-Dress-AW19-5F-1365x2048.jpg 1365w, https:\/\/diariodeestilo.es\/wp-content\/uploads\/2019\/12\/Paul-Smith-Dress-AW19-5F-1140x1710.jpg 1140w\" sizes=\"(max-width: 1500px) 100vw, 1500px\" \/>Fotograf\u00eda: <a href=\"https:\/\/patriciabonet.com\/\"><strong>Patricia Bonet<\/strong><\/a>.<br \/>\nProducci\u00f3n y estilismo: <strong>Mariona Planas<\/strong>.<\/p>\n<p style=\"margin-top: 15px;\">Peluquer\u00eda y maquillaje: <a href=\"https:\/\/nuriaribera.net\/\"><strong>N\u00faria Ribera<\/strong><\/a>.<br \/>\nManicura: <a href=\"https:\/\/vanitasespai.es\/\"><strong>Vanitas Espai<\/strong><\/a>.<\/p>\n<p>Localizaci\u00f3n: <strong>Suite 231<\/strong>. <a href=\"https:\/\/www.mandarinoriental.es\/barcelona\/passeig-de-gracia\/luxury-hotel?kw=hotel-mandarin-oriental-barcelona_e&amp;htl=MOBCN&amp;eng=Google_ES&amp;src=PPC&amp;ds_rl=1032980&amp;ds_rl=1033307&amp;gclid=EAIaIQobChMI0I7Fj-f65QIVU53VCh3tLwDbEAAYASAAEgJKq_D_BwE&amp;gclsrc=aw.ds\"><strong>Mandarin Oriental Barcelona<\/strong>.<\/a><\/p>\n","protected":false},"excerpt":{"rendered":"<p>A d\u00eda 2 de diciembre las agendas de medio planeta est\u00e1n llenas de comidas y cenas prenavide\u00f1as. Una carrera maratoniana a la que debemos sobrevivir, y que cada a\u00f1o nos plantea las mismas preguntas: \u00bfQu\u00e9 me pongo? \u00bfTiro de cl\u00e1sicos, o no? Este 2019 os animo a todas a revisar vuestro fondo de armario, a crear nuevos \u2018looks\u2019 reversionando vuestras prendas cl\u00e1sicas que transmitan c\u00f3mo os sent\u00eds y c\u00f3mo os apetece veros y celebrar las fiestas prenavide\u00f1as. Dedicad un poco de tiempo a probar, a equivocaros, y finalmente a encontrar esa nueva versi\u00f3n de vosotras mismas. Y si os apetece estrenar, apostad por prendas de calidad, vers\u00e1tiles, y de largo recorrido. Entre mis propuestas, los vestidos ultrafemeninos de Paul Smith que ampl\u00edan, a\u00f1o tras a\u00f1o, el territorio de los estampados eternos: rayas, flores, animales, cenefas\u2026 [&hellip;]<\/p>\n","protected":false},"author":2,"featured_media":43437,"comment_status":"open","ping_status":"closed","sticky":false,"template":"","format":"standard","meta":{"footnotes":""},"categories":[220,222],"tags":[],"yoast_head":"<!-- This site is optimized with the Yoast SEO plugin v21.1 - https:\/\/yoast.com\/wordpress\/plugins\/seo\/ -->\n<title>De una cena de trabajo a una celebraci\u00f3n familiar: un vestido a prueba de fiestas - Diario de Estilo<\/title>\n<meta name=\"robots\" content=\"index, follow, max-snippet:-1, max-image-preview:large, max-video-preview:-1\" \/>\n<link rel=\"canonical\" href=\"https:\/\/diariodeestilo.es\/2019\/12\/02\/de-una-cena-de-trabajo-a-una-celebracion-familiar-un-vestido-a-prueba-de-fiestas\/\" \/>\n<meta property=\"og:locale\" content=\"en_US\" \/>\n<meta property=\"og:type\" content=\"article\" \/>\n<meta property=\"og:title\" content=\"De una cena de trabajo a una celebraci\u00f3n familiar: un vestido a prueba de fiestas - Diario de Estilo\" \/>\n<meta property=\"og:description\" content=\"A d\u00eda 2 de diciembre las agendas de medio planeta est\u00e1n llenas de comidas y cenas prenavide\u00f1as. Una carrera maratoniana a la que debemos sobrevivir, y que cada a\u00f1o nos plantea las mismas preguntas: \u00bfQu\u00e9 me pongo? \u00bfTiro de cl\u00e1sicos, o no? Este 2019 os animo a todas a revisar vuestro fondo de armario, a crear nuevos \u2018looks\u2019 reversionando vuestras prendas cl\u00e1sicas que transmitan c\u00f3mo os sent\u00eds y c\u00f3mo os apetece veros y celebrar las fiestas prenavide\u00f1as. Dedicad un poco de tiempo a probar, a equivocaros, y finalmente a encontrar esa nueva versi\u00f3n de vosotras mismas. Y si os apetece estrenar, apostad por prendas de calidad, vers\u00e1tiles, y de largo recorrido. Entre mis propuestas, los vestidos ultrafemeninos de Paul Smith que ampl\u00edan, a\u00f1o tras a\u00f1o, el territorio de los estampados eternos: rayas, flores, animales, cenefas\u2026 [&hellip;]\" \/>\n<meta property=\"og:url\" content=\"https:\/\/diariodeestilo.es\/2019\/12\/02\/de-una-cena-de-trabajo-a-una-celebracion-familiar-un-vestido-a-prueba-de-fiestas\/\" \/>\n<meta property=\"og:site_name\" content=\"Diario de Estilo\" \/>\n<meta property=\"article:published_time\" content=\"2019-12-02T10:27:33+00:00\" \/>\n<meta property=\"article:modified_time\" content=\"2021-05-04T09:26:21+00:00\" \/>\n<meta property=\"og:image\" content=\"https:\/\/diariodeestilo.es\/wp-content\/uploads\/2019\/12\/cabecera-Paul-Smith-Dress-AW19-1.jpg\" \/>\n\t<meta property=\"og:image:width\" content=\"1003\" \/>\n\t<meta property=\"og:image:height\" content=\"640\" \/>\n\t<meta property=\"og:image:type\" content=\"image\/jpeg\" \/>\n<meta name=\"author\" content=\"Mariona Planas\" \/>\n<meta name=\"twitter:card\" content=\"summary_large_image\" \/>\n<meta name=\"twitter:label1\" content=\"Written by\" \/>\n\t<meta name=\"twitter:data1\" content=\"Mariona Planas\" \/>\n\t<meta name=\"twitter:label2\" content=\"Est. reading time\" \/>\n\t<meta name=\"twitter:data2\" content=\"1 minute\" \/>\n<script type=\"application\/ld+json\" class=\"yoast-schema-graph\">{\"@context\":\"https:\/\/schema.org\",\"@graph\":[{\"@type\":\"WebPage\",\"@id\":\"https:\/\/diariodeestilo.es\/2019\/12\/02\/de-una-cena-de-trabajo-a-una-celebracion-familiar-un-vestido-a-prueba-de-fiestas\/\",\"url\":\"https:\/\/diariodeestilo.es\/2019\/12\/02\/de-una-cena-de-trabajo-a-una-celebracion-familiar-un-vestido-a-prueba-de-fiestas\/\",\"name\":\"De una cena de trabajo a una celebraci\u00f3n familiar: un vestido a prueba de fiestas - Diario de Estilo\",\"isPartOf\":{\"@id\":\"https:\/\/diariodeestilo.es\/en\/#website\"},\"datePublished\":\"2019-12-02T10:27:33+00:00\",\"dateModified\":\"2021-05-04T09:26:21+00:00\",\"author\":{\"@id\":\"https:\/\/diariodeestilo.es\/en\/#\/schema\/person\/43934c18347f4c6412e111f5d11a4d45\"},\"breadcrumb\":{\"@id\":\"https:\/\/diariodeestilo.es\/2019\/12\/02\/de-una-cena-de-trabajo-a-una-celebracion-familiar-un-vestido-a-prueba-de-fiestas\/#breadcrumb\"},\"inLanguage\":\"en-US\",\"potentialAction\":[{\"@type\":\"ReadAction\",\"target\":[\"https:\/\/diariodeestilo.es\/2019\/12\/02\/de-una-cena-de-trabajo-a-una-celebracion-familiar-un-vestido-a-prueba-de-fiestas\/\"]}]},{\"@type\":\"BreadcrumbList\",\"@id\":\"https:\/\/diariodeestilo.es\/2019\/12\/02\/de-una-cena-de-trabajo-a-una-celebracion-familiar-un-vestido-a-prueba-de-fiestas\/#breadcrumb\",\"itemListElement\":[{\"@type\":\"ListItem\",\"position\":1,\"name\":\"Portada\",\"item\":\"https:\/\/diariodeestilo.es\/en\/\"},{\"@type\":\"ListItem\",\"position\":2,\"name\":\"De una cena de trabajo a una celebraci\u00f3n familiar: un vestido a prueba de fiestas\"}]},{\"@type\":\"WebSite\",\"@id\":\"https:\/\/diariodeestilo.es\/en\/#website\",\"url\":\"https:\/\/diariodeestilo.es\/en\/\",\"name\":\"Diario de Estilo\",\"description\":\"by Mariona Planas\",\"potentialAction\":[{\"@type\":\"SearchAction\",\"target\":{\"@type\":\"EntryPoint\",\"urlTemplate\":\"https:\/\/diariodeestilo.es\/en\/?s={search_term_string}\"},\"query-input\":\"required name=search_term_string\"}],\"inLanguage\":\"en-US\"},{\"@type\":\"Person\",\"@id\":\"https:\/\/diariodeestilo.es\/en\/#\/schema\/person\/43934c18347f4c6412e111f5d11a4d45\",\"name\":\"Mariona Planas\",\"image\":{\"@type\":\"ImageObject\",\"inLanguage\":\"en-US\",\"@id\":\"https:\/\/diariodeestilo.es\/en\/#\/schema\/person\/image\/\",\"url\":\"https:\/\/secure.gravatar.com\/avatar\/f66a0cfcee8304bc37b4e88baff319df?s=96&d=mm&r=g\",\"contentUrl\":\"https:\/\/secure.gravatar.com\/avatar\/f66a0cfcee8304bc37b4e88baff319df?s=96&d=mm&r=g\",\"caption\":\"Mariona Planas\"},\"url\":\"https:\/\/diariodeestilo.es\/en\/author\/mariona\/\"}]}<\/script>\n<!-- \/ Yoast SEO plugin. -->","yoast_head_json":{"title":"De una cena de trabajo a una celebraci\u00f3n familiar: un vestido a prueba de fiestas - Diario de Estilo","robots":{"index":"index","follow":"follow","max-snippet":"max-snippet:-1","max-image-preview":"max-image-preview:large","max-video-preview":"max-video-preview:-1"},"canonical":"https:\/\/diariodeestilo.es\/2019\/12\/02\/de-una-cena-de-trabajo-a-una-celebracion-familiar-un-vestido-a-prueba-de-fiestas\/","og_locale":"en_US","og_type":"article","og_title":"De una cena de trabajo a una celebraci\u00f3n familiar: un vestido a prueba de fiestas - Diario de Estilo","og_description":"A d\u00eda 2 de diciembre las agendas de medio planeta est\u00e1n llenas de comidas y cenas prenavide\u00f1as. Una carrera maratoniana a la que debemos sobrevivir, y que cada a\u00f1o nos plantea las mismas preguntas: \u00bfQu\u00e9 me pongo? \u00bfTiro de cl\u00e1sicos, o no? Este 2019 os animo a todas a revisar vuestro fondo de armario, a crear nuevos \u2018looks\u2019 reversionando vuestras prendas cl\u00e1sicas que transmitan c\u00f3mo os sent\u00eds y c\u00f3mo os apetece veros y celebrar las fiestas prenavide\u00f1as. Dedicad un poco de tiempo a probar, a equivocaros, y finalmente a encontrar esa nueva versi\u00f3n de vosotras mismas. Y si os apetece estrenar, apostad por prendas de calidad, vers\u00e1tiles, y de largo recorrido. Entre mis propuestas, los vestidos ultrafemeninos de Paul Smith que ampl\u00edan, a\u00f1o tras a\u00f1o, el territorio de los estampados eternos: rayas, flores, animales, cenefas\u2026 [&hellip;]","og_url":"https:\/\/diariodeestilo.es\/2019\/12\/02\/de-una-cena-de-trabajo-a-una-celebracion-familiar-un-vestido-a-prueba-de-fiestas\/","og_site_name":"Diario de Estilo","article_published_time":"2019-12-02T10:27:33+00:00","article_modified_time":"2021-05-04T09:26:21+00:00","og_image":[{"width":1003,"height":640,"url":"https:\/\/diariodeestilo.es\/wp-content\/uploads\/2019\/12\/cabecera-Paul-Smith-Dress-AW19-1.jpg","type":"image\/jpeg"}],"author":"Mariona Planas","twitter_card":"summary_large_image","twitter_misc":{"Written by":"Mariona Planas","Est. reading time":"1 minute"},"schema":{"@context":"https:\/\/schema.org","@graph":[{"@type":"WebPage","@id":"https:\/\/diariodeestilo.es\/2019\/12\/02\/de-una-cena-de-trabajo-a-una-celebracion-familiar-un-vestido-a-prueba-de-fiestas\/","url":"https:\/\/diariodeestilo.es\/2019\/12\/02\/de-una-cena-de-trabajo-a-una-celebracion-familiar-un-vestido-a-prueba-de-fiestas\/","name":"De una cena de trabajo a una celebraci\u00f3n familiar: un vestido a prueba de fiestas - Diario de Estilo","isPartOf":{"@id":"https:\/\/diariodeestilo.es\/en\/#website"},"datePublished":"2019-12-02T10:27:33+00:00","dateModified":"2021-05-04T09:26:21+00:00","author":{"@id":"https:\/\/diariodeestilo.es\/en\/#\/schema\/person\/43934c18347f4c6412e111f5d11a4d45"},"breadcrumb":{"@id":"https:\/\/diariodeestilo.es\/2019\/12\/02\/de-una-cena-de-trabajo-a-una-celebracion-familiar-un-vestido-a-prueba-de-fiestas\/#breadcrumb"},"inLanguage":"en-US","potentialAction":[{"@type":"ReadAction","target":["https:\/\/diariodeestilo.es\/2019\/12\/02\/de-una-cena-de-trabajo-a-una-celebracion-familiar-un-vestido-a-prueba-de-fiestas\/"]}]},{"@type":"BreadcrumbList","@id":"https:\/\/diariodeestilo.es\/2019\/12\/02\/de-una-cena-de-trabajo-a-una-celebracion-familiar-un-vestido-a-prueba-de-fiestas\/#breadcrumb","itemListElement":[{"@type":"ListItem","position":1,"name":"Portada","item":"https:\/\/diariodeestilo.es\/en\/"},{"@type":"ListItem","position":2,"name":"De una cena de trabajo a una celebraci\u00f3n familiar: un vestido a prueba de fiestas"}]},{"@type":"WebSite","@id":"https:\/\/diariodeestilo.es\/en\/#website","url":"https:\/\/diariodeestilo.es\/en\/","name":"Diario de Estilo","description":"by Mariona Planas","potentialAction":[{"@type":"SearchAction","target":{"@type":"EntryPoint","urlTemplate":"https:\/\/diariodeestilo.es\/en\/?s={search_term_string}"},"query-input":"required name=search_term_string"}],"inLanguage":"en-US"},{"@type":"Person","@id":"https:\/\/diariodeestilo.es\/en\/#\/schema\/person\/43934c18347f4c6412e111f5d11a4d45","name":"Mariona Planas","image":{"@type":"ImageObject","inLanguage":"en-US","@id":"https:\/\/diariodeestilo.es\/en\/#\/schema\/person\/image\/","url":"https:\/\/secure.gravatar.com\/avatar\/f66a0cfcee8304bc37b4e88baff319df?s=96&d=mm&r=g","contentUrl":"https:\/\/secure.gravatar.com\/avatar\/f66a0cfcee8304bc37b4e88baff319df?s=96&d=mm&r=g","caption":"Mariona Planas"},"url":"https:\/\/diariodeestilo.es\/en\/author\/mariona\/"}]}},"_links":{"self":[{"href":"https:\/\/diariodeestilo.es\/en\/wp-json\/wp\/v2\/posts\/43433"}],"collection":[{"href":"https:\/\/diariodeestilo.es\/en\/wp-json\/wp\/v2\/posts"}],"about":[{"href":"https:\/\/diariodeestilo.es\/en\/wp-json\/wp\/v2\/types\/post"}],"author":[{"embeddable":true,"href":"https:\/\/diariodeestilo.es\/en\/wp-json\/wp\/v2\/users\/2"}],"replies":[{"embeddable":true,"href":"https:\/\/diariodeestilo.es\/en\/wp-json\/wp\/v2\/comments?post=43433"}],"version-history":[{"count":2,"href":"https:\/\/diariodeestilo.es\/en\/wp-json\/wp\/v2\/posts\/43433\/revisions"}],"predecessor-version":[{"id":43440,"href":"https:\/\/diariodeestilo.es\/en\/wp-json\/wp\/v2\/posts\/43433\/revisions\/43440"}],"wp:featuredmedia":[{"embeddable":true,"href":"https:\/\/diariodeestilo.es\/en\/wp-json\/wp\/v2\/media\/43437"}],"wp:attachment":[{"href":"https:\/\/diariodeestilo.es\/en\/wp-json\/wp\/v2\/media?parent=43433"}],"wp:term":[{"taxonomy":"category","embeddable":true,"href":"https:\/\/diariodeestilo.es\/en\/wp-json\/wp\/v2\/categories?post=43433"},{"taxonomy":"post_tag","embeddable":true,"href":"https:\/\/diariodeestilo.es\/en\/wp-json\/wp\/v2\/tags?post=43433"}],"curies":[{"name":"wp","href":"https:\/\/api.w.org\/{rel}","templated":true}]}}