{"id":43469,"date":"2018-06-11T17:56:41","date_gmt":"2018-06-11T15:56:41","guid":{"rendered":"https:\/\/diariodeestilo.es\/2018\/06\/11\/esenciales-de-la-temporada\/"},"modified":"2021-05-04T11:42:52","modified_gmt":"2021-05-04T09:42:52","slug":"esenciales-de-la-temporada","status":"publish","type":"post","link":"https:\/\/diariodeestilo.es\/en\/2018\/06\/11\/esenciales-de-la-temporada\/","title":{"rendered":"Esenciales de la temporada"},"content":{"rendered":"<p><img decoding=\"async\" loading=\"lazy\" class=\"alignnone size-full wp-image-43444\" src=\"https:\/\/diariodeestilo.es\/wp-content\/uploads\/2018\/06\/Thomas-Sabo-1f.jpg\" alt=\"\" width=\"1500\" height=\"2250\" srcset=\"https:\/\/diariodeestilo.es\/wp-content\/uploads\/2018\/06\/Thomas-Sabo-1f.jpg 1500w, https:\/\/diariodeestilo.es\/wp-content\/uploads\/2018\/06\/Thomas-Sabo-1f-200x300.jpg 200w, https:\/\/diariodeestilo.es\/wp-content\/uploads\/2018\/06\/Thomas-Sabo-1f-683x1024.jpg 683w, https:\/\/diariodeestilo.es\/wp-content\/uploads\/2018\/06\/Thomas-Sabo-1f-768x1152.jpg 768w, https:\/\/diariodeestilo.es\/wp-content\/uploads\/2018\/06\/Thomas-Sabo-1f-1024x1536.jpg 1024w, https:\/\/diariodeestilo.es\/wp-content\/uploads\/2018\/06\/Thomas-Sabo-1f-1365x2048.jpg 1365w, https:\/\/diariodeestilo.es\/wp-content\/uploads\/2018\/06\/Thomas-Sabo-1f-1140x1710.jpg 1140w\" sizes=\"(max-width: 1500px) 100vw, 1500px\" \/>Este verano la moda nos acerca propuestas aparentemente sencillas donde el estilo s\u00ed importa.<\/p>\n<p style=\"margin-top: 30px;\"><img decoding=\"async\" loading=\"lazy\" class=\"alignnone size-full wp-image-43447\" src=\"https:\/\/diariodeestilo.es\/wp-content\/uploads\/2018\/06\/Thomas-Sabo-2f.jpg\" alt=\"\" width=\"1500\" height=\"2250\" srcset=\"https:\/\/diariodeestilo.es\/wp-content\/uploads\/2018\/06\/Thomas-Sabo-2f.jpg 1500w, https:\/\/diariodeestilo.es\/wp-content\/uploads\/2018\/06\/Thomas-Sabo-2f-200x300.jpg 200w, https:\/\/diariodeestilo.es\/wp-content\/uploads\/2018\/06\/Thomas-Sabo-2f-683x1024.jpg 683w, https:\/\/diariodeestilo.es\/wp-content\/uploads\/2018\/06\/Thomas-Sabo-2f-768x1152.jpg 768w, https:\/\/diariodeestilo.es\/wp-content\/uploads\/2018\/06\/Thomas-Sabo-2f-1024x1536.jpg 1024w, https:\/\/diariodeestilo.es\/wp-content\/uploads\/2018\/06\/Thomas-Sabo-2f-1365x2048.jpg 1365w, https:\/\/diariodeestilo.es\/wp-content\/uploads\/2018\/06\/Thomas-Sabo-2f-1140x1710.jpg 1140w\" sizes=\"(max-width: 1500px) 100vw, 1500px\" \/>Todo en su justa medida crea una conjunci\u00f3n perfecta de contrastes donde asimetr\u00edas, cortes estrat\u00e9gicos en el abdomen y colores planos consiguen resaltar la feminidad revelada de manera natural.<\/p>\n<p style=\"margin-top: 30px;\"><img decoding=\"async\" loading=\"lazy\" class=\"alignnone size-full wp-image-43449\" src=\"https:\/\/diariodeestilo.es\/wp-content\/uploads\/2018\/06\/Thomas-Sabo-3f.jpg\" alt=\"\" width=\"1500\" height=\"2250\" srcset=\"https:\/\/diariodeestilo.es\/wp-content\/uploads\/2018\/06\/Thomas-Sabo-3f.jpg 1500w, https:\/\/diariodeestilo.es\/wp-content\/uploads\/2018\/06\/Thomas-Sabo-3f-200x300.jpg 200w, https:\/\/diariodeestilo.es\/wp-content\/uploads\/2018\/06\/Thomas-Sabo-3f-683x1024.jpg 683w, https:\/\/diariodeestilo.es\/wp-content\/uploads\/2018\/06\/Thomas-Sabo-3f-768x1152.jpg 768w, https:\/\/diariodeestilo.es\/wp-content\/uploads\/2018\/06\/Thomas-Sabo-3f-1024x1536.jpg 1024w, https:\/\/diariodeestilo.es\/wp-content\/uploads\/2018\/06\/Thomas-Sabo-3f-1365x2048.jpg 1365w, https:\/\/diariodeestilo.es\/wp-content\/uploads\/2018\/06\/Thomas-Sabo-3f-1140x1710.jpg 1140w\" sizes=\"(max-width: 1500px) 100vw, 1500px\" \/><\/p>\n<p style=\"margin-top: 30px;\"><img decoding=\"async\" loading=\"lazy\" class=\"alignnone size-full wp-image-43451\" src=\"https:\/\/diariodeestilo.es\/wp-content\/uploads\/2018\/06\/Thomas-Sabo-4f.jpg\" alt=\"\" width=\"1500\" height=\"2250\" srcset=\"https:\/\/diariodeestilo.es\/wp-content\/uploads\/2018\/06\/Thomas-Sabo-4f.jpg 1500w, https:\/\/diariodeestilo.es\/wp-content\/uploads\/2018\/06\/Thomas-Sabo-4f-200x300.jpg 200w, https:\/\/diariodeestilo.es\/wp-content\/uploads\/2018\/06\/Thomas-Sabo-4f-683x1024.jpg 683w, https:\/\/diariodeestilo.es\/wp-content\/uploads\/2018\/06\/Thomas-Sabo-4f-768x1152.jpg 768w, https:\/\/diariodeestilo.es\/wp-content\/uploads\/2018\/06\/Thomas-Sabo-4f-1024x1536.jpg 1024w, https:\/\/diariodeestilo.es\/wp-content\/uploads\/2018\/06\/Thomas-Sabo-4f-1365x2048.jpg 1365w, https:\/\/diariodeestilo.es\/wp-content\/uploads\/2018\/06\/Thomas-Sabo-4f-1140x1710.jpg 1140w\" sizes=\"(max-width: 1500px) 100vw, 1500px\" \/>Con prendas tan ricas en patronaje, saber equilibrar el centro de atenci\u00f3n eligiendo las joyas esenciales para complementar y potenciar el estilismo sin un af\u00e1n excesivo de protagonismo, es fundamental.<\/p>\n<p style=\"margin-top: 30px;\"><img decoding=\"async\" loading=\"lazy\" class=\"alignnone size-full wp-image-43453\" src=\"https:\/\/diariodeestilo.es\/wp-content\/uploads\/2018\/06\/Thomas-Sabo-5f.jpg\" alt=\"\" width=\"1500\" height=\"2250\" srcset=\"https:\/\/diariodeestilo.es\/wp-content\/uploads\/2018\/06\/Thomas-Sabo-5f.jpg 1500w, https:\/\/diariodeestilo.es\/wp-content\/uploads\/2018\/06\/Thomas-Sabo-5f-200x300.jpg 200w, https:\/\/diariodeestilo.es\/wp-content\/uploads\/2018\/06\/Thomas-Sabo-5f-683x1024.jpg 683w, https:\/\/diariodeestilo.es\/wp-content\/uploads\/2018\/06\/Thomas-Sabo-5f-768x1152.jpg 768w, https:\/\/diariodeestilo.es\/wp-content\/uploads\/2018\/06\/Thomas-Sabo-5f-1024x1536.jpg 1024w, https:\/\/diariodeestilo.es\/wp-content\/uploads\/2018\/06\/Thomas-Sabo-5f-1365x2048.jpg 1365w, https:\/\/diariodeestilo.es\/wp-content\/uploads\/2018\/06\/Thomas-Sabo-5f-1140x1710.jpg 1140w\" sizes=\"(max-width: 1500px) 100vw, 1500px\" \/>Le\u00eda recientemente: \u201cLos pendientes se han convertido en el nuevo \u2018it-bag. Ya no hay reglas a la hora de llevarlos.\u201d Y es que romper convencionalismos pone de manifiesto c\u00f3mo nos expresamos est\u00e9ticamente.<\/p>\n<p style=\"margin-top: 30px;\"><img decoding=\"async\" loading=\"lazy\" class=\"alignnone size-full wp-image-43455\" src=\"https:\/\/diariodeestilo.es\/wp-content\/uploads\/2018\/06\/Thomas-Sabo-6f.jpg\" alt=\"\" width=\"1500\" height=\"2250\" srcset=\"https:\/\/diariodeestilo.es\/wp-content\/uploads\/2018\/06\/Thomas-Sabo-6f.jpg 1500w, https:\/\/diariodeestilo.es\/wp-content\/uploads\/2018\/06\/Thomas-Sabo-6f-200x300.jpg 200w, https:\/\/diariodeestilo.es\/wp-content\/uploads\/2018\/06\/Thomas-Sabo-6f-683x1024.jpg 683w, https:\/\/diariodeestilo.es\/wp-content\/uploads\/2018\/06\/Thomas-Sabo-6f-768x1152.jpg 768w, https:\/\/diariodeestilo.es\/wp-content\/uploads\/2018\/06\/Thomas-Sabo-6f-1024x1536.jpg 1024w, https:\/\/diariodeestilo.es\/wp-content\/uploads\/2018\/06\/Thomas-Sabo-6f-1365x2048.jpg 1365w, https:\/\/diariodeestilo.es\/wp-content\/uploads\/2018\/06\/Thomas-Sabo-6f-1140x1710.jpg 1140w\" sizes=\"(max-width: 1500px) 100vw, 1500px\" \/>\u201cSolo hay que echar la vista atr\u00e1s hasta el oto\u00f1o de 2014. Aquella temporada marc\u00f3 un punto de inflexi\u00f3n gracias a colecciones como las de Louis Vuitton o C\u00e9line, que presentaron a las modelos luciendo un solo pendiente de dimensiones descomunales y factura escultural. La demanda de estas piezas, que se ofrec\u00edan de forma individual, fue tal, que r\u00e1pidamente se sumaron a la tendencia muchas de las marcas m\u00e1s populares, desde COS a Topshop.<\/p>\n<p style=\"margin-top: 30px;\"><img decoding=\"async\" loading=\"lazy\" class=\"alignnone size-full wp-image-43457\" src=\"https:\/\/diariodeestilo.es\/wp-content\/uploads\/2018\/06\/Thomas-Sabo-7f.jpg\" alt=\"\" width=\"1500\" height=\"2250\" srcset=\"https:\/\/diariodeestilo.es\/wp-content\/uploads\/2018\/06\/Thomas-Sabo-7f.jpg 1500w, https:\/\/diariodeestilo.es\/wp-content\/uploads\/2018\/06\/Thomas-Sabo-7f-200x300.jpg 200w, https:\/\/diariodeestilo.es\/wp-content\/uploads\/2018\/06\/Thomas-Sabo-7f-683x1024.jpg 683w, https:\/\/diariodeestilo.es\/wp-content\/uploads\/2018\/06\/Thomas-Sabo-7f-768x1152.jpg 768w, https:\/\/diariodeestilo.es\/wp-content\/uploads\/2018\/06\/Thomas-Sabo-7f-1024x1536.jpg 1024w, https:\/\/diariodeestilo.es\/wp-content\/uploads\/2018\/06\/Thomas-Sabo-7f-1365x2048.jpg 1365w, https:\/\/diariodeestilo.es\/wp-content\/uploads\/2018\/06\/Thomas-Sabo-7f-1140x1710.jpg 1140w\" sizes=\"(max-width: 1500px) 100vw, 1500px\" \/>En 2014 me gust\u00f3 la tendencia y me sum\u00e9 a ella sin timidez. He paseado un solo pendiente de tama\u00f1o XXL con figuras geom\u00e9tricas, de l\u00edneas arquitect\u00f3nicas, con combinaciones de materiales, con piedras multicolores\u2026<\/p>\n<p style=\"margin-top: 30px;\"><img decoding=\"async\" loading=\"lazy\" class=\"alignnone size-full wp-image-43459\" src=\"https:\/\/diariodeestilo.es\/wp-content\/uploads\/2018\/06\/Thomas-Sabo-8f.jpg\" alt=\"\" width=\"1500\" height=\"2250\" srcset=\"https:\/\/diariodeestilo.es\/wp-content\/uploads\/2018\/06\/Thomas-Sabo-8f.jpg 1500w, https:\/\/diariodeestilo.es\/wp-content\/uploads\/2018\/06\/Thomas-Sabo-8f-200x300.jpg 200w, https:\/\/diariodeestilo.es\/wp-content\/uploads\/2018\/06\/Thomas-Sabo-8f-683x1024.jpg 683w, https:\/\/diariodeestilo.es\/wp-content\/uploads\/2018\/06\/Thomas-Sabo-8f-768x1152.jpg 768w, https:\/\/diariodeestilo.es\/wp-content\/uploads\/2018\/06\/Thomas-Sabo-8f-1024x1536.jpg 1024w, https:\/\/diariodeestilo.es\/wp-content\/uploads\/2018\/06\/Thomas-Sabo-8f-1365x2048.jpg 1365w, https:\/\/diariodeestilo.es\/wp-content\/uploads\/2018\/06\/Thomas-Sabo-8f-1140x1710.jpg 1140w\" sizes=\"(max-width: 1500px) 100vw, 1500px\" \/>Mi apuesta: Hoy elijo nuevamente lucir un solo pendiente de la firma <a href=\"https:\/\/www.thomassabo.com\/EU\/es_ES\/women-categories-earrings\/mujer\/categoria\/pendientes\"><strong>Thomas Sabo<\/strong><\/a>, esta vez de estilo tropical. Una serpiente realizada en plata de ley 925 ennegrecida, esmaltado en turquesa y verde, y piedras \u2013entre ellas, gema vitrocer\u00e1mica turquesa, circonita blanca, circonita negra y gema vitrocer\u00e1mica verde. Le he sumado el anillo de serpiente de la misma colecci\u00f3n junto con otro sencillo anillo realizado en plata de ley 925 ennegracida y gemas vitrocer\u00e1micas turquesas.<\/p>\n<p style=\"margin-top: 30px;\"><img decoding=\"async\" loading=\"lazy\" class=\"alignnone size-full wp-image-43463\" src=\"https:\/\/diariodeestilo.es\/wp-content\/uploads\/2018\/06\/Thomas-Sabo-10f.jpg\" alt=\"\" width=\"1500\" height=\"2243\" srcset=\"https:\/\/diariodeestilo.es\/wp-content\/uploads\/2018\/06\/Thomas-Sabo-10f.jpg 1500w, https:\/\/diariodeestilo.es\/wp-content\/uploads\/2018\/06\/Thomas-Sabo-10f-201x300.jpg 201w, https:\/\/diariodeestilo.es\/wp-content\/uploads\/2018\/06\/Thomas-Sabo-10f-685x1024.jpg 685w, https:\/\/diariodeestilo.es\/wp-content\/uploads\/2018\/06\/Thomas-Sabo-10f-768x1148.jpg 768w, https:\/\/diariodeestilo.es\/wp-content\/uploads\/2018\/06\/Thomas-Sabo-10f-1027x1536.jpg 1027w, https:\/\/diariodeestilo.es\/wp-content\/uploads\/2018\/06\/Thomas-Sabo-10f-1370x2048.jpg 1370w, https:\/\/diariodeestilo.es\/wp-content\/uploads\/2018\/06\/Thomas-Sabo-10f-1140x1705.jpg 1140w\" sizes=\"(max-width: 1500px) 100vw, 1500px\" \/>Las joyas dan el toque final a cualquier \u2018look\u2019, sea como detalle exc\u00e9ntrico combinadas con prendas de estilo cl\u00e1sico, sea como aporte extra de personalidad con prendas sofisticadas.<\/p>\n<p style=\"margin-top: 30px;\"><img decoding=\"async\" loading=\"lazy\" class=\"alignnone size-full wp-image-43461\" src=\"https:\/\/diariodeestilo.es\/wp-content\/uploads\/2018\/06\/Thomas-Sabo-9f.jpg\" alt=\"\" width=\"1500\" height=\"2250\" srcset=\"https:\/\/diariodeestilo.es\/wp-content\/uploads\/2018\/06\/Thomas-Sabo-9f.jpg 1500w, https:\/\/diariodeestilo.es\/wp-content\/uploads\/2018\/06\/Thomas-Sabo-9f-200x300.jpg 200w, https:\/\/diariodeestilo.es\/wp-content\/uploads\/2018\/06\/Thomas-Sabo-9f-683x1024.jpg 683w, https:\/\/diariodeestilo.es\/wp-content\/uploads\/2018\/06\/Thomas-Sabo-9f-768x1152.jpg 768w, https:\/\/diariodeestilo.es\/wp-content\/uploads\/2018\/06\/Thomas-Sabo-9f-1024x1536.jpg 1024w, https:\/\/diariodeestilo.es\/wp-content\/uploads\/2018\/06\/Thomas-Sabo-9f-1365x2048.jpg 1365w, https:\/\/diariodeestilo.es\/wp-content\/uploads\/2018\/06\/Thomas-Sabo-9f-1140x1710.jpg 1140w\" sizes=\"(max-width: 1500px) 100vw, 1500px\" \/>Huir de lo cotidiano tambi\u00e9n refleja qui\u00e9nes somos y qu\u00e9 queremos decir.<\/p>\n<p style=\"margin-top: 30px;\"><img decoding=\"async\" loading=\"lazy\" class=\"alignnone size-full wp-image-43465\" src=\"https:\/\/diariodeestilo.es\/wp-content\/uploads\/2018\/06\/Thomas-Sabo-11f.jpg\" alt=\"\" width=\"1500\" height=\"2250\" srcset=\"https:\/\/diariodeestilo.es\/wp-content\/uploads\/2018\/06\/Thomas-Sabo-11f.jpg 1500w, https:\/\/diariodeestilo.es\/wp-content\/uploads\/2018\/06\/Thomas-Sabo-11f-200x300.jpg 200w, https:\/\/diariodeestilo.es\/wp-content\/uploads\/2018\/06\/Thomas-Sabo-11f-683x1024.jpg 683w, https:\/\/diariodeestilo.es\/wp-content\/uploads\/2018\/06\/Thomas-Sabo-11f-768x1152.jpg 768w, https:\/\/diariodeestilo.es\/wp-content\/uploads\/2018\/06\/Thomas-Sabo-11f-1024x1536.jpg 1024w, https:\/\/diariodeestilo.es\/wp-content\/uploads\/2018\/06\/Thomas-Sabo-11f-1365x2048.jpg 1365w, https:\/\/diariodeestilo.es\/wp-content\/uploads\/2018\/06\/Thomas-Sabo-11f-1140x1710.jpg 1140w\" sizes=\"(max-width: 1500px) 100vw, 1500px\" \/>Vestido \/ <em>Dress<\/em>: Loewe SS18 para Santa Eulalia. Pendiente con serpiente <b><a href=\"https:\/\/www.thomassabo.com\/EU\/es_ES\/women-categories-earrings\/mujer\/categoria\/pendientes\">aqu\u00ed<\/a>,<\/b> anillo con serpiente <a href=\"https:\/\/www.thomassabo.com\/EU\/es_ES\/women-categories-rings\/mujer\/categoria\/anillos\"><strong>aqu\u00ed<\/strong> <\/a>y anillo con turquesas <a href=\"https:\/\/www.thomassabo.com\/EU\/es_ES\/pd\/anillo\/TR2178.html?cgid=topics-tropical&amp;dwvar_TR2178_config-color=667-17#start=5\"><strong>aqu\u00ed<\/strong><\/a> \/ <em>Snake earring <a href=\"https:\/\/www.thomassabo.com\/EU\/es_ES\/women-categories-earrings\/mujer\/categoria\/pendientes\"><strong>here<\/strong><\/a>, snake rings <a href=\"https:\/\/www.thomassabo.com\/EU\/es_ES\/women-categories-rings\/mujer\/categoria\/anillos\"><strong>here<\/strong><\/a> and ring with turquoises <a href=\"https:\/\/www.thomassabo.com\/EU\/es_ES\/women-categories-rings\/mujer\/categoria\/anillos\"><strong>here<\/strong><\/a><\/em>: <a href=\"https:\/\/www.googleadservices.com\/pagead\/aclk?sa=L&amp;ai=DChcSEwjPnbytmZvbAhUCsO0KHdOvD6QYABAAGgJkZw&amp;ohost=www.google.es&amp;cid=CAASE-RoVGul6vxBYtKFAP8GhjMUfh0&amp;sig=AOD64_2sV0Twj1IYqNWUbObXCAQ64IVN_A&amp;rct=j&amp;q=&amp;ved=0ahUKEwj3oritmZvbAhVKB8AKHb1oCrIQ0QwIJQ&amp;adurl=\"><strong>Thomas Sabo<\/strong><\/a>.<\/p>\n<p style=\"text-align: justify;\">Localizaci\u00f3n: <a href=\"https:\/\/www.mandarinoriental.es\/\"><strong>Hotel Mandarin Oriental Barcelona<\/strong><\/a>.<br \/>\nFotos: <a href=\"http:\/\/patriciabonet.com\/\"><strong>Patricia Bonet<\/strong><\/a>.<br \/>\nPeluquer\u00eda, manicura: <a href=\"http:\/\/www.vanitasespai.es\/\"><strong>Vanitas Espai<\/strong><\/a>.<\/p>\n","protected":false},"excerpt":{"rendered":"<p>Este verano la moda nos acerca propuestas aparentemente sencillas donde el estilo s\u00ed importa. Todo en su justa medida crea una conjunci\u00f3n perfecta de contrastes donde asimetr\u00edas, cortes estrat\u00e9gicos en el abdomen y colores planos consiguen resaltar la feminidad revelada de manera natural. Con prendas tan ricas en patronaje, saber equilibrar el centro de atenci\u00f3n eligiendo las joyas esenciales para complementar y potenciar el estilismo sin un af\u00e1n excesivo de protagonismo, es fundamental. Le\u00eda recientemente: \u201cLos pendientes se han convertido en el nuevo \u2018it-bag. Ya no hay reglas a la hora de llevarlos.\u201d Y es que romper convencionalismos pone de manifiesto c\u00f3mo nos expresamos est\u00e9ticamente. \u201cSolo hay que echar la vista atr\u00e1s hasta el oto\u00f1o de 2014. Aquella temporada marc\u00f3 un punto de inflexi\u00f3n gracias a colecciones como las de Louis Vuitton o C\u00e9line, que [&hellip;]<\/p>\n","protected":false},"author":2,"featured_media":43471,"comment_status":"open","ping_status":"closed","sticky":false,"template":"","format":"standard","meta":{"footnotes":""},"categories":[220,222],"tags":[],"yoast_head":"<!-- This site is optimized with the Yoast SEO plugin v21.1 - https:\/\/yoast.com\/wordpress\/plugins\/seo\/ -->\n<title>Esenciales de la temporada - Diario de Estilo<\/title>\n<meta name=\"robots\" content=\"index, follow, max-snippet:-1, max-image-preview:large, max-video-preview:-1\" \/>\n<link rel=\"canonical\" href=\"https:\/\/diariodeestilo.es\/2018\/06\/11\/esenciales-de-la-temporada\/\" \/>\n<meta property=\"og:locale\" content=\"en_US\" \/>\n<meta property=\"og:type\" content=\"article\" \/>\n<meta property=\"og:title\" content=\"Esenciales de la temporada - Diario de Estilo\" \/>\n<meta property=\"og:description\" content=\"Este verano la moda nos acerca propuestas aparentemente sencillas donde el estilo s\u00ed importa. Todo en su justa medida crea una conjunci\u00f3n perfecta de contrastes donde asimetr\u00edas, cortes estrat\u00e9gicos en el abdomen y colores planos consiguen resaltar la feminidad revelada de manera natural. Con prendas tan ricas en patronaje, saber equilibrar el centro de atenci\u00f3n eligiendo las joyas esenciales para complementar y potenciar el estilismo sin un af\u00e1n excesivo de protagonismo, es fundamental. Le\u00eda recientemente: \u201cLos pendientes se han convertido en el nuevo \u2018it-bag. Ya no hay reglas a la hora de llevarlos.\u201d Y es que romper convencionalismos pone de manifiesto c\u00f3mo nos expresamos est\u00e9ticamente. \u201cSolo hay que echar la vista atr\u00e1s hasta el oto\u00f1o de 2014. Aquella temporada marc\u00f3 un punto de inflexi\u00f3n gracias a colecciones como las de Louis Vuitton o C\u00e9line, que [&hellip;]\" \/>\n<meta property=\"og:url\" content=\"https:\/\/diariodeestilo.es\/2018\/06\/11\/esenciales-de-la-temporada\/\" \/>\n<meta property=\"og:site_name\" content=\"Diario de Estilo\" \/>\n<meta property=\"article:published_time\" content=\"2018-06-11T15:56:41+00:00\" \/>\n<meta property=\"article:modified_time\" content=\"2021-05-04T09:42:52+00:00\" \/>\n<meta property=\"og:image\" content=\"https:\/\/diariodeestilo.es\/wp-content\/uploads\/2018\/06\/Cabecera-ELLE-Mariona-Planas-2018-62-1.jpg\" \/>\n\t<meta property=\"og:image:width\" content=\"800\" \/>\n\t<meta property=\"og:image:height\" content=\"400\" \/>\n\t<meta property=\"og:image:type\" content=\"image\/jpeg\" \/>\n<meta name=\"author\" content=\"Mariona Planas\" \/>\n<meta name=\"twitter:card\" content=\"summary_large_image\" \/>\n<meta name=\"twitter:label1\" content=\"Written by\" \/>\n\t<meta name=\"twitter:data1\" content=\"Mariona Planas\" \/>\n\t<meta name=\"twitter:label2\" content=\"Est. reading time\" \/>\n\t<meta name=\"twitter:data2\" content=\"2 minutes\" \/>\n<script type=\"application\/ld+json\" class=\"yoast-schema-graph\">{\"@context\":\"https:\/\/schema.org\",\"@graph\":[{\"@type\":\"WebPage\",\"@id\":\"https:\/\/diariodeestilo.es\/2018\/06\/11\/esenciales-de-la-temporada\/\",\"url\":\"https:\/\/diariodeestilo.es\/2018\/06\/11\/esenciales-de-la-temporada\/\",\"name\":\"Esenciales de la temporada - Diario de Estilo\",\"isPartOf\":{\"@id\":\"https:\/\/diariodeestilo.es\/en\/#website\"},\"datePublished\":\"2018-06-11T15:56:41+00:00\",\"dateModified\":\"2021-05-04T09:42:52+00:00\",\"author\":{\"@id\":\"https:\/\/diariodeestilo.es\/en\/#\/schema\/person\/43934c18347f4c6412e111f5d11a4d45\"},\"breadcrumb\":{\"@id\":\"https:\/\/diariodeestilo.es\/2018\/06\/11\/esenciales-de-la-temporada\/#breadcrumb\"},\"inLanguage\":\"en-US\",\"potentialAction\":[{\"@type\":\"ReadAction\",\"target\":[\"https:\/\/diariodeestilo.es\/2018\/06\/11\/esenciales-de-la-temporada\/\"]}]},{\"@type\":\"BreadcrumbList\",\"@id\":\"https:\/\/diariodeestilo.es\/2018\/06\/11\/esenciales-de-la-temporada\/#breadcrumb\",\"itemListElement\":[{\"@type\":\"ListItem\",\"position\":1,\"name\":\"Portada\",\"item\":\"https:\/\/diariodeestilo.es\/en\/\"},{\"@type\":\"ListItem\",\"position\":2,\"name\":\"Esenciales de la temporada\"}]},{\"@type\":\"WebSite\",\"@id\":\"https:\/\/diariodeestilo.es\/en\/#website\",\"url\":\"https:\/\/diariodeestilo.es\/en\/\",\"name\":\"Diario de Estilo\",\"description\":\"by Mariona Planas\",\"potentialAction\":[{\"@type\":\"SearchAction\",\"target\":{\"@type\":\"EntryPoint\",\"urlTemplate\":\"https:\/\/diariodeestilo.es\/en\/?s={search_term_string}\"},\"query-input\":\"required name=search_term_string\"}],\"inLanguage\":\"en-US\"},{\"@type\":\"Person\",\"@id\":\"https:\/\/diariodeestilo.es\/en\/#\/schema\/person\/43934c18347f4c6412e111f5d11a4d45\",\"name\":\"Mariona Planas\",\"image\":{\"@type\":\"ImageObject\",\"inLanguage\":\"en-US\",\"@id\":\"https:\/\/diariodeestilo.es\/en\/#\/schema\/person\/image\/\",\"url\":\"https:\/\/secure.gravatar.com\/avatar\/f66a0cfcee8304bc37b4e88baff319df?s=96&d=mm&r=g\",\"contentUrl\":\"https:\/\/secure.gravatar.com\/avatar\/f66a0cfcee8304bc37b4e88baff319df?s=96&d=mm&r=g\",\"caption\":\"Mariona Planas\"},\"url\":\"https:\/\/diariodeestilo.es\/en\/author\/mariona\/\"}]}<\/script>\n<!-- \/ Yoast SEO plugin. -->","yoast_head_json":{"title":"Esenciales de la temporada - Diario de Estilo","robots":{"index":"index","follow":"follow","max-snippet":"max-snippet:-1","max-image-preview":"max-image-preview:large","max-video-preview":"max-video-preview:-1"},"canonical":"https:\/\/diariodeestilo.es\/2018\/06\/11\/esenciales-de-la-temporada\/","og_locale":"en_US","og_type":"article","og_title":"Esenciales de la temporada - Diario de Estilo","og_description":"Este verano la moda nos acerca propuestas aparentemente sencillas donde el estilo s\u00ed importa. Todo en su justa medida crea una conjunci\u00f3n perfecta de contrastes donde asimetr\u00edas, cortes estrat\u00e9gicos en el abdomen y colores planos consiguen resaltar la feminidad revelada de manera natural. Con prendas tan ricas en patronaje, saber equilibrar el centro de atenci\u00f3n eligiendo las joyas esenciales para complementar y potenciar el estilismo sin un af\u00e1n excesivo de protagonismo, es fundamental. Le\u00eda recientemente: \u201cLos pendientes se han convertido en el nuevo \u2018it-bag. Ya no hay reglas a la hora de llevarlos.\u201d Y es que romper convencionalismos pone de manifiesto c\u00f3mo nos expresamos est\u00e9ticamente. \u201cSolo hay que echar la vista atr\u00e1s hasta el oto\u00f1o de 2014. Aquella temporada marc\u00f3 un punto de inflexi\u00f3n gracias a colecciones como las de Louis Vuitton o C\u00e9line, que [&hellip;]","og_url":"https:\/\/diariodeestilo.es\/2018\/06\/11\/esenciales-de-la-temporada\/","og_site_name":"Diario de Estilo","article_published_time":"2018-06-11T15:56:41+00:00","article_modified_time":"2021-05-04T09:42:52+00:00","og_image":[{"width":800,"height":400,"url":"https:\/\/diariodeestilo.es\/wp-content\/uploads\/2018\/06\/Cabecera-ELLE-Mariona-Planas-2018-62-1.jpg","type":"image\/jpeg"}],"author":"Mariona Planas","twitter_card":"summary_large_image","twitter_misc":{"Written by":"Mariona Planas","Est. reading time":"2 minutes"},"schema":{"@context":"https:\/\/schema.org","@graph":[{"@type":"WebPage","@id":"https:\/\/diariodeestilo.es\/2018\/06\/11\/esenciales-de-la-temporada\/","url":"https:\/\/diariodeestilo.es\/2018\/06\/11\/esenciales-de-la-temporada\/","name":"Esenciales de la temporada - Diario de Estilo","isPartOf":{"@id":"https:\/\/diariodeestilo.es\/en\/#website"},"datePublished":"2018-06-11T15:56:41+00:00","dateModified":"2021-05-04T09:42:52+00:00","author":{"@id":"https:\/\/diariodeestilo.es\/en\/#\/schema\/person\/43934c18347f4c6412e111f5d11a4d45"},"breadcrumb":{"@id":"https:\/\/diariodeestilo.es\/2018\/06\/11\/esenciales-de-la-temporada\/#breadcrumb"},"inLanguage":"en-US","potentialAction":[{"@type":"ReadAction","target":["https:\/\/diariodeestilo.es\/2018\/06\/11\/esenciales-de-la-temporada\/"]}]},{"@type":"BreadcrumbList","@id":"https:\/\/diariodeestilo.es\/2018\/06\/11\/esenciales-de-la-temporada\/#breadcrumb","itemListElement":[{"@type":"ListItem","position":1,"name":"Portada","item":"https:\/\/diariodeestilo.es\/en\/"},{"@type":"ListItem","position":2,"name":"Esenciales de la temporada"}]},{"@type":"WebSite","@id":"https:\/\/diariodeestilo.es\/en\/#website","url":"https:\/\/diariodeestilo.es\/en\/","name":"Diario de Estilo","description":"by Mariona Planas","potentialAction":[{"@type":"SearchAction","target":{"@type":"EntryPoint","urlTemplate":"https:\/\/diariodeestilo.es\/en\/?s={search_term_string}"},"query-input":"required name=search_term_string"}],"inLanguage":"en-US"},{"@type":"Person","@id":"https:\/\/diariodeestilo.es\/en\/#\/schema\/person\/43934c18347f4c6412e111f5d11a4d45","name":"Mariona Planas","image":{"@type":"ImageObject","inLanguage":"en-US","@id":"https:\/\/diariodeestilo.es\/en\/#\/schema\/person\/image\/","url":"https:\/\/secure.gravatar.com\/avatar\/f66a0cfcee8304bc37b4e88baff319df?s=96&d=mm&r=g","contentUrl":"https:\/\/secure.gravatar.com\/avatar\/f66a0cfcee8304bc37b4e88baff319df?s=96&d=mm&r=g","caption":"Mariona Planas"},"url":"https:\/\/diariodeestilo.es\/en\/author\/mariona\/"}]}},"_links":{"self":[{"href":"https:\/\/diariodeestilo.es\/en\/wp-json\/wp\/v2\/posts\/43469"}],"collection":[{"href":"https:\/\/diariodeestilo.es\/en\/wp-json\/wp\/v2\/posts"}],"about":[{"href":"https:\/\/diariodeestilo.es\/en\/wp-json\/wp\/v2\/types\/post"}],"author":[{"embeddable":true,"href":"https:\/\/diariodeestilo.es\/en\/wp-json\/wp\/v2\/users\/2"}],"replies":[{"embeddable":true,"href":"https:\/\/diariodeestilo.es\/en\/wp-json\/wp\/v2\/comments?post=43469"}],"version-history":[{"count":1,"href":"https:\/\/diariodeestilo.es\/en\/wp-json\/wp\/v2\/posts\/43469\/revisions"}],"predecessor-version":[{"id":43472,"href":"https:\/\/diariodeestilo.es\/en\/wp-json\/wp\/v2\/posts\/43469\/revisions\/43472"}],"wp:featuredmedia":[{"embeddable":true,"href":"https:\/\/diariodeestilo.es\/en\/wp-json\/wp\/v2\/media\/43471"}],"wp:attachment":[{"href":"https:\/\/diariodeestilo.es\/en\/wp-json\/wp\/v2\/media?parent=43469"}],"wp:term":[{"taxonomy":"category","embeddable":true,"href":"https:\/\/diariodeestilo.es\/en\/wp-json\/wp\/v2\/categories?post=43469"},{"taxonomy":"post_tag","embeddable":true,"href":"https:\/\/diariodeestilo.es\/en\/wp-json\/wp\/v2\/tags?post=43469"}],"curies":[{"name":"wp","href":"https:\/\/api.w.org\/{rel}","templated":true}]}}