{"id":44486,"date":"2021-07-23T08:52:57","date_gmt":"2021-07-23T06:52:57","guid":{"rendered":"https:\/\/diariodeestilo.es\/?p=44486"},"modified":"2021-07-23T09:17:54","modified_gmt":"2021-07-23T07:17:54","slug":"si-al-bra-top-una-declaracion-sin-complejos","status":"publish","type":"post","link":"https:\/\/diariodeestilo.es\/en\/2021\/07\/23\/si-al-bra-top-una-declaracion-sin-complejos\/","title":{"rendered":"S\u00ed al \u2018bra top\u2019, una declaraci\u00f3n sin complejos"},"content":{"rendered":"\n<figure class=\"wp-block-image size-full\"><img decoding=\"async\" loading=\"lazy\" width=\"1500\" height=\"2250\" src=\"https:\/\/diariodeestilo.es\/wp-content\/uploads\/2021\/07\/bra-top-1.jpg\" alt=\"\" class=\"wp-image-44465\" srcset=\"https:\/\/diariodeestilo.es\/wp-content\/uploads\/2021\/07\/bra-top-1.jpg 1500w, https:\/\/diariodeestilo.es\/wp-content\/uploads\/2021\/07\/bra-top-1-200x300.jpg 200w, https:\/\/diariodeestilo.es\/wp-content\/uploads\/2021\/07\/bra-top-1-683x1024.jpg 683w, https:\/\/diariodeestilo.es\/wp-content\/uploads\/2021\/07\/bra-top-1-768x1152.jpg 768w, https:\/\/diariodeestilo.es\/wp-content\/uploads\/2021\/07\/bra-top-1-1024x1536.jpg 1024w, https:\/\/diariodeestilo.es\/wp-content\/uploads\/2021\/07\/bra-top-1-1365x2048.jpg 1365w, https:\/\/diariodeestilo.es\/wp-content\/uploads\/2021\/07\/bra-top-1-1140x1710.jpg 1140w\" sizes=\"(max-width: 1500px) 100vw, 1500px\" \/><\/figure>\n\n\n\n<p class=\"has-drop-cap\">La tendencia lleva 3 temporadas anim\u00e1ndonos a exteriorizar la ropa interior invit\u00e1ndola a ser pieza clave de nuestros estilismos 24\/7. Analizada, aplaudida (o no), y versionada en estilismos de lo m\u00e1s dispares, lo imprescindible de esta tendencia es saber qu\u00e9 <em><strong>bra<\/strong><\/em> vestir en cada ocasi\u00f3n.<\/p>\n\n\n\n<figure class=\"wp-block-image size-full\"><img decoding=\"async\" loading=\"lazy\" width=\"1500\" height=\"2250\" src=\"https:\/\/diariodeestilo.es\/wp-content\/uploads\/2021\/07\/bra-top-4.jpg\" alt=\"\" class=\"wp-image-44469\" srcset=\"https:\/\/diariodeestilo.es\/wp-content\/uploads\/2021\/07\/bra-top-4.jpg 1500w, https:\/\/diariodeestilo.es\/wp-content\/uploads\/2021\/07\/bra-top-4-200x300.jpg 200w, https:\/\/diariodeestilo.es\/wp-content\/uploads\/2021\/07\/bra-top-4-683x1024.jpg 683w, https:\/\/diariodeestilo.es\/wp-content\/uploads\/2021\/07\/bra-top-4-768x1152.jpg 768w, https:\/\/diariodeestilo.es\/wp-content\/uploads\/2021\/07\/bra-top-4-1024x1536.jpg 1024w, https:\/\/diariodeestilo.es\/wp-content\/uploads\/2021\/07\/bra-top-4-1365x2048.jpg 1365w, https:\/\/diariodeestilo.es\/wp-content\/uploads\/2021\/07\/bra-top-4-1140x1710.jpg 1140w\" sizes=\"(max-width: 1500px) 100vw, 1500px\" \/><\/figure>\n\n\n\n<p>En su versi\u00f3n m\u00e1s cl\u00e1sica, mi favorita, los <em><strong>bras<\/strong><\/em> negros combinan estupendamente con americanas, blusas holgadas, jers\u00e9is con escote en la espalda, y pantalones, bermudas, <em>shorts<\/em>, todos ellos de tallo alto, faldas plisadas, <em>wrap<\/em>, pencil y largas. En <em>outfits<\/em> con colores monocrom\u00e1ticos b\u00e1sicos como el negro, beige, blanco y rojo, los <em>bras<\/em> negros combinan a la perfecci\u00f3n.<\/p>\n\n\n\n<figure class=\"wp-block-image size-full\"><img decoding=\"async\" loading=\"lazy\" width=\"1500\" height=\"2250\" src=\"https:\/\/diariodeestilo.es\/wp-content\/uploads\/2021\/07\/bra-top-5.jpg\" alt=\"\" class=\"wp-image-44472\" srcset=\"https:\/\/diariodeestilo.es\/wp-content\/uploads\/2021\/07\/bra-top-5.jpg 1500w, https:\/\/diariodeestilo.es\/wp-content\/uploads\/2021\/07\/bra-top-5-200x300.jpg 200w, https:\/\/diariodeestilo.es\/wp-content\/uploads\/2021\/07\/bra-top-5-683x1024.jpg 683w, https:\/\/diariodeestilo.es\/wp-content\/uploads\/2021\/07\/bra-top-5-768x1152.jpg 768w, https:\/\/diariodeestilo.es\/wp-content\/uploads\/2021\/07\/bra-top-5-1024x1536.jpg 1024w, https:\/\/diariodeestilo.es\/wp-content\/uploads\/2021\/07\/bra-top-5-1365x2048.jpg 1365w, https:\/\/diariodeestilo.es\/wp-content\/uploads\/2021\/07\/bra-top-5-1140x1710.jpg 1140w\" sizes=\"(max-width: 1500px) 100vw, 1500px\" \/><\/figure>\n\n\n\n<figure class=\"wp-block-image size-full\"><img decoding=\"async\" loading=\"lazy\" width=\"1550\" height=\"2250\" src=\"https:\/\/diariodeestilo.es\/wp-content\/uploads\/2021\/07\/bra-top-6A.jpg\" alt=\"\" class=\"wp-image-44475\" srcset=\"https:\/\/diariodeestilo.es\/wp-content\/uploads\/2021\/07\/bra-top-6A.jpg 1550w, https:\/\/diariodeestilo.es\/wp-content\/uploads\/2021\/07\/bra-top-6A-207x300.jpg 207w, https:\/\/diariodeestilo.es\/wp-content\/uploads\/2021\/07\/bra-top-6A-705x1024.jpg 705w, https:\/\/diariodeestilo.es\/wp-content\/uploads\/2021\/07\/bra-top-6A-768x1115.jpg 768w, https:\/\/diariodeestilo.es\/wp-content\/uploads\/2021\/07\/bra-top-6A-1058x1536.jpg 1058w, https:\/\/diariodeestilo.es\/wp-content\/uploads\/2021\/07\/bra-top-6A-1411x2048.jpg 1411w, https:\/\/diariodeestilo.es\/wp-content\/uploads\/2021\/07\/bra-top-6A-1140x1655.jpg 1140w\" sizes=\"(max-width: 1550px) 100vw, 1550px\" \/><\/figure>\n\n\n\n<p>Mi apuesta: Recurrir a prendas cl\u00e1sicas como la americana <em>over<\/em> de Pinko, el vaquero <em>boyish<\/em> de Iro Paris, y las sandalias ic\u00f3nicas de Jimmy Choo, para crear un estilismo en l\u00ednea con una est\u00e9tica miminimalista, femenina y sensual.<\/p>\n\n\n\n<p>Destacar\u00eda el mini bolso Varenne de l\u00edneas limpias en color verde c\u00e9sped, un nuevo <em>must<\/em> muy tendencia este oto\u00f1o\u2013invierno 2021 de la firma Jimmy Choo.<\/p>\n\n\n\n<figure class=\"wp-block-image size-full\"><img decoding=\"async\" loading=\"lazy\" width=\"1500\" height=\"2250\" src=\"https:\/\/diariodeestilo.es\/wp-content\/uploads\/2021\/07\/bra-top-7.jpg\" alt=\"\" class=\"wp-image-44478\" srcset=\"https:\/\/diariodeestilo.es\/wp-content\/uploads\/2021\/07\/bra-top-7.jpg 1500w, https:\/\/diariodeestilo.es\/wp-content\/uploads\/2021\/07\/bra-top-7-200x300.jpg 200w, https:\/\/diariodeestilo.es\/wp-content\/uploads\/2021\/07\/bra-top-7-683x1024.jpg 683w, https:\/\/diariodeestilo.es\/wp-content\/uploads\/2021\/07\/bra-top-7-768x1152.jpg 768w, https:\/\/diariodeestilo.es\/wp-content\/uploads\/2021\/07\/bra-top-7-1024x1536.jpg 1024w, https:\/\/diariodeestilo.es\/wp-content\/uploads\/2021\/07\/bra-top-7-1365x2048.jpg 1365w, https:\/\/diariodeestilo.es\/wp-content\/uploads\/2021\/07\/bra-top-7-1140x1710.jpg 1140w\" sizes=\"(max-width: 1500px) 100vw, 1500px\" \/><\/figure>\n\n\n\n<figure class=\"wp-block-image size-full\"><img decoding=\"async\" loading=\"lazy\" width=\"1500\" height=\"2250\" src=\"https:\/\/diariodeestilo.es\/wp-content\/uploads\/2021\/07\/bra-top-8.jpg\" alt=\"\" class=\"wp-image-44480\" srcset=\"https:\/\/diariodeestilo.es\/wp-content\/uploads\/2021\/07\/bra-top-8.jpg 1500w, https:\/\/diariodeestilo.es\/wp-content\/uploads\/2021\/07\/bra-top-8-200x300.jpg 200w, https:\/\/diariodeestilo.es\/wp-content\/uploads\/2021\/07\/bra-top-8-683x1024.jpg 683w, https:\/\/diariodeestilo.es\/wp-content\/uploads\/2021\/07\/bra-top-8-768x1152.jpg 768w, https:\/\/diariodeestilo.es\/wp-content\/uploads\/2021\/07\/bra-top-8-1024x1536.jpg 1024w, https:\/\/diariodeestilo.es\/wp-content\/uploads\/2021\/07\/bra-top-8-1365x2048.jpg 1365w, https:\/\/diariodeestilo.es\/wp-content\/uploads\/2021\/07\/bra-top-8-1140x1710.jpg 1140w\" sizes=\"(max-width: 1500px) 100vw, 1500px\" \/><\/figure>\n\n\n\n<p>Si seguimos apostando por prendas y accesorios de buena calidad creando armarios s\u00f3lidos, en casa tendremos los activos m\u00e1s buscados para revisitar a medio\/largo plazo, creando <em>looks<\/em> diversos a gusto personal.<\/p>\n\n\n\n<figure class=\"wp-block-image size-full\"><img decoding=\"async\" loading=\"lazy\" width=\"1500\" height=\"2250\" src=\"https:\/\/diariodeestilo.es\/wp-content\/uploads\/2021\/07\/bra-top-2A.jpg\" alt=\"\" class=\"wp-image-44467\" srcset=\"https:\/\/diariodeestilo.es\/wp-content\/uploads\/2021\/07\/bra-top-2A.jpg 1500w, https:\/\/diariodeestilo.es\/wp-content\/uploads\/2021\/07\/bra-top-2A-200x300.jpg 200w, https:\/\/diariodeestilo.es\/wp-content\/uploads\/2021\/07\/bra-top-2A-683x1024.jpg 683w, https:\/\/diariodeestilo.es\/wp-content\/uploads\/2021\/07\/bra-top-2A-768x1152.jpg 768w, https:\/\/diariodeestilo.es\/wp-content\/uploads\/2021\/07\/bra-top-2A-1024x1536.jpg 1024w, https:\/\/diariodeestilo.es\/wp-content\/uploads\/2021\/07\/bra-top-2A-1365x2048.jpg 1365w, https:\/\/diariodeestilo.es\/wp-content\/uploads\/2021\/07\/bra-top-2A-1140x1710.jpg 1140w\" sizes=\"(max-width: 1500px) 100vw, 1500px\" \/><\/figure>\n\n\n\n<p>Americana: <strong><a href=\"https:\/\/www.pinko.com\/es-es\/?gclid=Cj0KCQjw0emHBhC1ARIsAL1QGNfKqzSXj5_jsE44tKxOvvj0aAvu5UaQEqENPRYb7JP2AznGuDa-H7caApnmEALw_wcB\" target=\"_blank\" rel=\"noreferrer noopener\">Pinko<\/a><\/strong>. Bra: <a href=\"https:\/\/www.oysho.com\/es\/novedades-c1469017.html?gclsrc=aw.ds&amp;ds_rl=1274776&amp;gclid=CjwKCAjwruSHBhAtEiwA_qCppspJOZad7Kh2KXurMx1QXmgH6lQKdTkEtlIAL1H3PN8Ji3W2R-wf3xoCswEQAvD_BwE\" target=\"_blank\" rel=\"noreferrer noopener\"><strong>Oysho<\/strong>.<\/a> Vaqueros: Iro Paris PV 2021 para\u00a0<a href=\"https:\/\/www.facebook.com\/TomatesFritosModa\" target=\"_blank\" rel=\"noreferrer noopener\"><strong>Tomates Fritos<\/strong><\/a>. Info: 932092617.\u00a0 Sandalias y bolso Varenne Mini: <strong><a href=\"https:\/\/row.jimmychoo.com\/en\/women\/handbags\/mini-bags\/varenne-top-handle-mini\/caramel-mix-jc-logo-pattern-and-calf-leather-mini-bag-with-jc-emblem-VARENNEMINIJCKZZ027136.html?cgid=women-handbags-minibags#start=1\" target=\"_blank\" rel=\"noreferrer noopener\">Jimmy Choo<\/a><\/strong>. De venta en su tienda de Barcelona Jimmy Choo c\/ Paseo de Gracia, 97. Info: 932726959.\u00a0Gafas: Le Specs para<a href=\"https:\/\/ferent.shop\/\" target=\"_blank\" rel=\"noreferrer noopener\">\u00a0<strong>Ferent<\/strong><\/a>.<\/p>\n\n\n\n<p>Fotograf\u00eda:&nbsp;Gorka Gonz\u00e1lez.<br>Peluquer\u00eda \u2013 Woodlights &#8211; Mnicura &#8211; Pedicura:&nbsp;<strong><a href=\"https:\/\/vanitasespai.es\/\" target=\"_blank\" rel=\"noreferrer noopener\">Vanitas Espa<\/a><\/strong>i.<\/p>\n","protected":false},"excerpt":{"rendered":"<p>La tendencia lleva 3 temporadas anim\u00e1ndonos a exteriorizar la ropa interior invit\u00e1ndola a ser pieza clave de nuestros estilismos 24\/7. Analizada, aplaudida (o no), y versionada en estilismos de lo m\u00e1s dispares, lo imprescindible de esta tendencia es saber qu\u00e9 bra vestir en cada ocasi\u00f3n. En su versi\u00f3n m\u00e1s cl\u00e1sica, mi favorita, los bras negros combinan estupendamente con americanas, blusas holgadas, jers\u00e9is con escote en la espalda, y pantalones, bermudas, shorts, todos ellos de tallo alto, faldas plisadas, wrap, pencil y largas. En outfits con colores monocrom\u00e1ticos b\u00e1sicos como el negro, beige, blanco y rojo, los bras negros combinan a la perfecci\u00f3n. Mi apuesta: Recurrir a prendas cl\u00e1sicas como la americana over de Pinko, el vaquero boyish de Iro Paris, y las sandalias ic\u00f3nicas de Jimmy Choo, para crear un estilismo en l\u00ednea con una [&hellip;]<\/p>\n","protected":false},"author":2,"featured_media":44485,"comment_status":"open","ping_status":"open","sticky":false,"template":"","format":"standard","meta":{"footnotes":""},"categories":[220],"tags":[],"yoast_head":"<!-- This site is optimized with the Yoast SEO plugin v21.1 - https:\/\/yoast.com\/wordpress\/plugins\/seo\/ -->\n<title>S\u00ed al \u2018bra top\u2019, una declaraci\u00f3n sin complejos - Diario de Estilo<\/title>\n<meta name=\"robots\" content=\"index, follow, max-snippet:-1, max-image-preview:large, max-video-preview:-1\" \/>\n<link rel=\"canonical\" href=\"https:\/\/diariodeestilo.es\/2021\/07\/23\/si-al-bra-top-una-declaracion-sin-complejos\/\" \/>\n<meta property=\"og:locale\" content=\"en_US\" \/>\n<meta property=\"og:type\" content=\"article\" \/>\n<meta property=\"og:title\" content=\"S\u00ed al \u2018bra top\u2019, una declaraci\u00f3n sin complejos - Diario de Estilo\" \/>\n<meta property=\"og:description\" content=\"La tendencia lleva 3 temporadas anim\u00e1ndonos a exteriorizar la ropa interior invit\u00e1ndola a ser pieza clave de nuestros estilismos 24\/7. Analizada, aplaudida (o no), y versionada en estilismos de lo m\u00e1s dispares, lo imprescindible de esta tendencia es saber qu\u00e9 bra vestir en cada ocasi\u00f3n. En su versi\u00f3n m\u00e1s cl\u00e1sica, mi favorita, los bras negros combinan estupendamente con americanas, blusas holgadas, jers\u00e9is con escote en la espalda, y pantalones, bermudas, shorts, todos ellos de tallo alto, faldas plisadas, wrap, pencil y largas. En outfits con colores monocrom\u00e1ticos b\u00e1sicos como el negro, beige, blanco y rojo, los bras negros combinan a la perfecci\u00f3n. Mi apuesta: Recurrir a prendas cl\u00e1sicas como la americana over de Pinko, el vaquero boyish de Iro Paris, y las sandalias ic\u00f3nicas de Jimmy Choo, para crear un estilismo en l\u00ednea con una [&hellip;]\" \/>\n<meta property=\"og:url\" content=\"https:\/\/diariodeestilo.es\/2021\/07\/23\/si-al-bra-top-una-declaracion-sin-complejos\/\" \/>\n<meta property=\"og:site_name\" content=\"Diario de Estilo\" \/>\n<meta property=\"article:published_time\" content=\"2021-07-23T06:52:57+00:00\" \/>\n<meta property=\"article:modified_time\" content=\"2021-07-23T07:17:54+00:00\" \/>\n<meta property=\"og:image\" content=\"https:\/\/diariodeestilo.es\/wp-content\/uploads\/2021\/07\/2-scaled.jpg\" \/>\n\t<meta property=\"og:image:width\" content=\"1707\" \/>\n\t<meta property=\"og:image:height\" content=\"2560\" \/>\n\t<meta property=\"og:image:type\" content=\"image\/jpeg\" \/>\n<meta name=\"author\" content=\"Mariona Planas\" \/>\n<meta name=\"twitter:card\" content=\"summary_large_image\" \/>\n<meta name=\"twitter:label1\" content=\"Written by\" \/>\n\t<meta name=\"twitter:data1\" content=\"Mariona Planas\" \/>\n\t<meta name=\"twitter:label2\" content=\"Est. reading time\" \/>\n\t<meta name=\"twitter:data2\" content=\"3 minutes\" \/>\n<script type=\"application\/ld+json\" class=\"yoast-schema-graph\">{\"@context\":\"https:\/\/schema.org\",\"@graph\":[{\"@type\":\"WebPage\",\"@id\":\"https:\/\/diariodeestilo.es\/2021\/07\/23\/si-al-bra-top-una-declaracion-sin-complejos\/\",\"url\":\"https:\/\/diariodeestilo.es\/2021\/07\/23\/si-al-bra-top-una-declaracion-sin-complejos\/\",\"name\":\"S\u00ed al \u2018bra top\u2019, una declaraci\u00f3n sin complejos - Diario de Estilo\",\"isPartOf\":{\"@id\":\"https:\/\/diariodeestilo.es\/en\/#website\"},\"datePublished\":\"2021-07-23T06:52:57+00:00\",\"dateModified\":\"2021-07-23T07:17:54+00:00\",\"author\":{\"@id\":\"https:\/\/diariodeestilo.es\/en\/#\/schema\/person\/43934c18347f4c6412e111f5d11a4d45\"},\"breadcrumb\":{\"@id\":\"https:\/\/diariodeestilo.es\/2021\/07\/23\/si-al-bra-top-una-declaracion-sin-complejos\/#breadcrumb\"},\"inLanguage\":\"en-US\",\"potentialAction\":[{\"@type\":\"ReadAction\",\"target\":[\"https:\/\/diariodeestilo.es\/2021\/07\/23\/si-al-bra-top-una-declaracion-sin-complejos\/\"]}]},{\"@type\":\"BreadcrumbList\",\"@id\":\"https:\/\/diariodeestilo.es\/2021\/07\/23\/si-al-bra-top-una-declaracion-sin-complejos\/#breadcrumb\",\"itemListElement\":[{\"@type\":\"ListItem\",\"position\":1,\"name\":\"Portada\",\"item\":\"https:\/\/diariodeestilo.es\/en\/\"},{\"@type\":\"ListItem\",\"position\":2,\"name\":\"S\u00ed al \u2018bra top\u2019, una declaraci\u00f3n sin complejos\"}]},{\"@type\":\"WebSite\",\"@id\":\"https:\/\/diariodeestilo.es\/en\/#website\",\"url\":\"https:\/\/diariodeestilo.es\/en\/\",\"name\":\"Diario de Estilo\",\"description\":\"by Mariona Planas\",\"potentialAction\":[{\"@type\":\"SearchAction\",\"target\":{\"@type\":\"EntryPoint\",\"urlTemplate\":\"https:\/\/diariodeestilo.es\/en\/?s={search_term_string}\"},\"query-input\":\"required name=search_term_string\"}],\"inLanguage\":\"en-US\"},{\"@type\":\"Person\",\"@id\":\"https:\/\/diariodeestilo.es\/en\/#\/schema\/person\/43934c18347f4c6412e111f5d11a4d45\",\"name\":\"Mariona Planas\",\"image\":{\"@type\":\"ImageObject\",\"inLanguage\":\"en-US\",\"@id\":\"https:\/\/diariodeestilo.es\/en\/#\/schema\/person\/image\/\",\"url\":\"https:\/\/secure.gravatar.com\/avatar\/f66a0cfcee8304bc37b4e88baff319df?s=96&d=mm&r=g\",\"contentUrl\":\"https:\/\/secure.gravatar.com\/avatar\/f66a0cfcee8304bc37b4e88baff319df?s=96&d=mm&r=g\",\"caption\":\"Mariona Planas\"},\"url\":\"https:\/\/diariodeestilo.es\/en\/author\/mariona\/\"}]}<\/script>\n<!-- \/ Yoast SEO plugin. -->","yoast_head_json":{"title":"S\u00ed al \u2018bra top\u2019, una declaraci\u00f3n sin complejos - Diario de Estilo","robots":{"index":"index","follow":"follow","max-snippet":"max-snippet:-1","max-image-preview":"max-image-preview:large","max-video-preview":"max-video-preview:-1"},"canonical":"https:\/\/diariodeestilo.es\/2021\/07\/23\/si-al-bra-top-una-declaracion-sin-complejos\/","og_locale":"en_US","og_type":"article","og_title":"S\u00ed al \u2018bra top\u2019, una declaraci\u00f3n sin complejos - Diario de Estilo","og_description":"La tendencia lleva 3 temporadas anim\u00e1ndonos a exteriorizar la ropa interior invit\u00e1ndola a ser pieza clave de nuestros estilismos 24\/7. Analizada, aplaudida (o no), y versionada en estilismos de lo m\u00e1s dispares, lo imprescindible de esta tendencia es saber qu\u00e9 bra vestir en cada ocasi\u00f3n. En su versi\u00f3n m\u00e1s cl\u00e1sica, mi favorita, los bras negros combinan estupendamente con americanas, blusas holgadas, jers\u00e9is con escote en la espalda, y pantalones, bermudas, shorts, todos ellos de tallo alto, faldas plisadas, wrap, pencil y largas. En outfits con colores monocrom\u00e1ticos b\u00e1sicos como el negro, beige, blanco y rojo, los bras negros combinan a la perfecci\u00f3n. Mi apuesta: Recurrir a prendas cl\u00e1sicas como la americana over de Pinko, el vaquero boyish de Iro Paris, y las sandalias ic\u00f3nicas de Jimmy Choo, para crear un estilismo en l\u00ednea con una [&hellip;]","og_url":"https:\/\/diariodeestilo.es\/2021\/07\/23\/si-al-bra-top-una-declaracion-sin-complejos\/","og_site_name":"Diario de Estilo","article_published_time":"2021-07-23T06:52:57+00:00","article_modified_time":"2021-07-23T07:17:54+00:00","og_image":[{"width":1707,"height":2560,"url":"https:\/\/diariodeestilo.es\/wp-content\/uploads\/2021\/07\/2-scaled.jpg","type":"image\/jpeg"}],"author":"Mariona Planas","twitter_card":"summary_large_image","twitter_misc":{"Written by":"Mariona Planas","Est. reading time":"3 minutes"},"schema":{"@context":"https:\/\/schema.org","@graph":[{"@type":"WebPage","@id":"https:\/\/diariodeestilo.es\/2021\/07\/23\/si-al-bra-top-una-declaracion-sin-complejos\/","url":"https:\/\/diariodeestilo.es\/2021\/07\/23\/si-al-bra-top-una-declaracion-sin-complejos\/","name":"S\u00ed al \u2018bra top\u2019, una declaraci\u00f3n sin complejos - Diario de Estilo","isPartOf":{"@id":"https:\/\/diariodeestilo.es\/en\/#website"},"datePublished":"2021-07-23T06:52:57+00:00","dateModified":"2021-07-23T07:17:54+00:00","author":{"@id":"https:\/\/diariodeestilo.es\/en\/#\/schema\/person\/43934c18347f4c6412e111f5d11a4d45"},"breadcrumb":{"@id":"https:\/\/diariodeestilo.es\/2021\/07\/23\/si-al-bra-top-una-declaracion-sin-complejos\/#breadcrumb"},"inLanguage":"en-US","potentialAction":[{"@type":"ReadAction","target":["https:\/\/diariodeestilo.es\/2021\/07\/23\/si-al-bra-top-una-declaracion-sin-complejos\/"]}]},{"@type":"BreadcrumbList","@id":"https:\/\/diariodeestilo.es\/2021\/07\/23\/si-al-bra-top-una-declaracion-sin-complejos\/#breadcrumb","itemListElement":[{"@type":"ListItem","position":1,"name":"Portada","item":"https:\/\/diariodeestilo.es\/en\/"},{"@type":"ListItem","position":2,"name":"S\u00ed al \u2018bra top\u2019, una declaraci\u00f3n sin complejos"}]},{"@type":"WebSite","@id":"https:\/\/diariodeestilo.es\/en\/#website","url":"https:\/\/diariodeestilo.es\/en\/","name":"Diario de Estilo","description":"by Mariona Planas","potentialAction":[{"@type":"SearchAction","target":{"@type":"EntryPoint","urlTemplate":"https:\/\/diariodeestilo.es\/en\/?s={search_term_string}"},"query-input":"required name=search_term_string"}],"inLanguage":"en-US"},{"@type":"Person","@id":"https:\/\/diariodeestilo.es\/en\/#\/schema\/person\/43934c18347f4c6412e111f5d11a4d45","name":"Mariona Planas","image":{"@type":"ImageObject","inLanguage":"en-US","@id":"https:\/\/diariodeestilo.es\/en\/#\/schema\/person\/image\/","url":"https:\/\/secure.gravatar.com\/avatar\/f66a0cfcee8304bc37b4e88baff319df?s=96&d=mm&r=g","contentUrl":"https:\/\/secure.gravatar.com\/avatar\/f66a0cfcee8304bc37b4e88baff319df?s=96&d=mm&r=g","caption":"Mariona Planas"},"url":"https:\/\/diariodeestilo.es\/en\/author\/mariona\/"}]}},"_links":{"self":[{"href":"https:\/\/diariodeestilo.es\/en\/wp-json\/wp\/v2\/posts\/44486"}],"collection":[{"href":"https:\/\/diariodeestilo.es\/en\/wp-json\/wp\/v2\/posts"}],"about":[{"href":"https:\/\/diariodeestilo.es\/en\/wp-json\/wp\/v2\/types\/post"}],"author":[{"embeddable":true,"href":"https:\/\/diariodeestilo.es\/en\/wp-json\/wp\/v2\/users\/2"}],"replies":[{"embeddable":true,"href":"https:\/\/diariodeestilo.es\/en\/wp-json\/wp\/v2\/comments?post=44486"}],"version-history":[{"count":2,"href":"https:\/\/diariodeestilo.es\/en\/wp-json\/wp\/v2\/posts\/44486\/revisions"}],"predecessor-version":[{"id":44490,"href":"https:\/\/diariodeestilo.es\/en\/wp-json\/wp\/v2\/posts\/44486\/revisions\/44490"}],"wp:featuredmedia":[{"embeddable":true,"href":"https:\/\/diariodeestilo.es\/en\/wp-json\/wp\/v2\/media\/44485"}],"wp:attachment":[{"href":"https:\/\/diariodeestilo.es\/en\/wp-json\/wp\/v2\/media?parent=44486"}],"wp:term":[{"taxonomy":"category","embeddable":true,"href":"https:\/\/diariodeestilo.es\/en\/wp-json\/wp\/v2\/categories?post=44486"},{"taxonomy":"post_tag","embeddable":true,"href":"https:\/\/diariodeestilo.es\/en\/wp-json\/wp\/v2\/tags?post=44486"}],"curies":[{"name":"wp","href":"https:\/\/api.w.org\/{rel}","templated":true}]}}