{"id":44942,"date":"2021-09-20T12:05:50","date_gmt":"2021-09-20T10:05:50","guid":{"rendered":"https:\/\/diariodeestilo.es\/?p=44942"},"modified":"2021-09-20T12:38:38","modified_gmt":"2021-09-20T10:38:38","slug":"piezas-que-ganan-la-partida-al-tiempo-y-demuestran-su-versatilidad","status":"publish","type":"post","link":"https:\/\/diariodeestilo.es\/en\/2021\/09\/20\/piezas-que-ganan-la-partida-al-tiempo-y-demuestran-su-versatilidad\/","title":{"rendered":"Piezas que ganan la partida al tiempo y demuestran su versatilidad"},"content":{"rendered":"\n<figure class=\"wp-block-image size-full\"><img decoding=\"async\" loading=\"lazy\" width=\"1500\" height=\"2250\" src=\"https:\/\/diariodeestilo.es\/wp-content\/uploads\/2021\/09\/tendencia-otono-invierno-2021-1.jpg\" alt=\"\" class=\"wp-image-44925\" srcset=\"https:\/\/diariodeestilo.es\/wp-content\/uploads\/2021\/09\/tendencia-otono-invierno-2021-1.jpg 1500w, https:\/\/diariodeestilo.es\/wp-content\/uploads\/2021\/09\/tendencia-otono-invierno-2021-1-200x300.jpg 200w, https:\/\/diariodeestilo.es\/wp-content\/uploads\/2021\/09\/tendencia-otono-invierno-2021-1-683x1024.jpg 683w, https:\/\/diariodeestilo.es\/wp-content\/uploads\/2021\/09\/tendencia-otono-invierno-2021-1-768x1152.jpg 768w, https:\/\/diariodeestilo.es\/wp-content\/uploads\/2021\/09\/tendencia-otono-invierno-2021-1-1024x1536.jpg 1024w, https:\/\/diariodeestilo.es\/wp-content\/uploads\/2021\/09\/tendencia-otono-invierno-2021-1-1365x2048.jpg 1365w, https:\/\/diariodeestilo.es\/wp-content\/uploads\/2021\/09\/tendencia-otono-invierno-2021-1-1140x1710.jpg 1140w\" sizes=\"(max-width: 1500px) 100vw, 1500px\" \/><\/figure>\n\n\n\n<figure class=\"wp-block-image size-full\"><img decoding=\"async\" loading=\"lazy\" width=\"1500\" height=\"2250\" src=\"https:\/\/diariodeestilo.es\/wp-content\/uploads\/2021\/09\/tendencia-otono-invierno-2021-2.jpg\" alt=\"\" class=\"wp-image-44927\" srcset=\"https:\/\/diariodeestilo.es\/wp-content\/uploads\/2021\/09\/tendencia-otono-invierno-2021-2.jpg 1500w, https:\/\/diariodeestilo.es\/wp-content\/uploads\/2021\/09\/tendencia-otono-invierno-2021-2-200x300.jpg 200w, https:\/\/diariodeestilo.es\/wp-content\/uploads\/2021\/09\/tendencia-otono-invierno-2021-2-683x1024.jpg 683w, https:\/\/diariodeestilo.es\/wp-content\/uploads\/2021\/09\/tendencia-otono-invierno-2021-2-768x1152.jpg 768w, https:\/\/diariodeestilo.es\/wp-content\/uploads\/2021\/09\/tendencia-otono-invierno-2021-2-1024x1536.jpg 1024w, https:\/\/diariodeestilo.es\/wp-content\/uploads\/2021\/09\/tendencia-otono-invierno-2021-2-1365x2048.jpg 1365w, https:\/\/diariodeestilo.es\/wp-content\/uploads\/2021\/09\/tendencia-otono-invierno-2021-2-1140x1710.jpg 1140w\" sizes=\"(max-width: 1500px) 100vw, 1500px\" \/><\/figure>\n\n\n\n<figure class=\"wp-block-image size-full\"><img decoding=\"async\" loading=\"lazy\" width=\"1500\" height=\"2250\" src=\"https:\/\/diariodeestilo.es\/wp-content\/uploads\/2021\/09\/tendencia-otono-invierno-2021-3.jpg\" alt=\"\" class=\"wp-image-44929\" srcset=\"https:\/\/diariodeestilo.es\/wp-content\/uploads\/2021\/09\/tendencia-otono-invierno-2021-3.jpg 1500w, https:\/\/diariodeestilo.es\/wp-content\/uploads\/2021\/09\/tendencia-otono-invierno-2021-3-200x300.jpg 200w, https:\/\/diariodeestilo.es\/wp-content\/uploads\/2021\/09\/tendencia-otono-invierno-2021-3-683x1024.jpg 683w, https:\/\/diariodeestilo.es\/wp-content\/uploads\/2021\/09\/tendencia-otono-invierno-2021-3-768x1152.jpg 768w, https:\/\/diariodeestilo.es\/wp-content\/uploads\/2021\/09\/tendencia-otono-invierno-2021-3-1024x1536.jpg 1024w, https:\/\/diariodeestilo.es\/wp-content\/uploads\/2021\/09\/tendencia-otono-invierno-2021-3-1365x2048.jpg 1365w, https:\/\/diariodeestilo.es\/wp-content\/uploads\/2021\/09\/tendencia-otono-invierno-2021-3-1140x1710.jpg 1140w\" sizes=\"(max-width: 1500px) 100vw, 1500px\" \/><\/figure>\n\n\n\n<figure class=\"wp-block-image size-full\"><img decoding=\"async\" loading=\"lazy\" width=\"1500\" height=\"2250\" src=\"https:\/\/diariodeestilo.es\/wp-content\/uploads\/2021\/09\/tendencia-otono-invierno-2021-7.jpg\" alt=\"\" class=\"wp-image-44935\" srcset=\"https:\/\/diariodeestilo.es\/wp-content\/uploads\/2021\/09\/tendencia-otono-invierno-2021-7.jpg 1500w, https:\/\/diariodeestilo.es\/wp-content\/uploads\/2021\/09\/tendencia-otono-invierno-2021-7-200x300.jpg 200w, https:\/\/diariodeestilo.es\/wp-content\/uploads\/2021\/09\/tendencia-otono-invierno-2021-7-683x1024.jpg 683w, https:\/\/diariodeestilo.es\/wp-content\/uploads\/2021\/09\/tendencia-otono-invierno-2021-7-768x1152.jpg 768w, https:\/\/diariodeestilo.es\/wp-content\/uploads\/2021\/09\/tendencia-otono-invierno-2021-7-1024x1536.jpg 1024w, https:\/\/diariodeestilo.es\/wp-content\/uploads\/2021\/09\/tendencia-otono-invierno-2021-7-1365x2048.jpg 1365w, https:\/\/diariodeestilo.es\/wp-content\/uploads\/2021\/09\/tendencia-otono-invierno-2021-7-1140x1710.jpg 1140w\" sizes=\"(max-width: 1500px) 100vw, 1500px\" \/><\/figure>\n\n\n\n<figure class=\"wp-block-image size-full\"><img decoding=\"async\" loading=\"lazy\" width=\"1500\" height=\"2151\" src=\"https:\/\/diariodeestilo.es\/wp-content\/uploads\/2021\/09\/tendencia-otono-invierno-2021-5.jpg\" alt=\"\" class=\"wp-image-44933\" srcset=\"https:\/\/diariodeestilo.es\/wp-content\/uploads\/2021\/09\/tendencia-otono-invierno-2021-5.jpg 1500w, https:\/\/diariodeestilo.es\/wp-content\/uploads\/2021\/09\/tendencia-otono-invierno-2021-5-209x300.jpg 209w, https:\/\/diariodeestilo.es\/wp-content\/uploads\/2021\/09\/tendencia-otono-invierno-2021-5-714x1024.jpg 714w, https:\/\/diariodeestilo.es\/wp-content\/uploads\/2021\/09\/tendencia-otono-invierno-2021-5-768x1101.jpg 768w, https:\/\/diariodeestilo.es\/wp-content\/uploads\/2021\/09\/tendencia-otono-invierno-2021-5-1071x1536.jpg 1071w, https:\/\/diariodeestilo.es\/wp-content\/uploads\/2021\/09\/tendencia-otono-invierno-2021-5-1428x2048.jpg 1428w, https:\/\/diariodeestilo.es\/wp-content\/uploads\/2021\/09\/tendencia-otono-invierno-2021-5-1140x1635.jpg 1140w\" sizes=\"(max-width: 1500px) 100vw, 1500px\" \/><\/figure>\n\n\n\n<p>Americana: Hebe Studio PV 21. Body: Love Stories Intimates OI 21\/22 todo para&nbsp;<a href=\"https:\/\/www.facebook.com\/TomatesFritosModa\" target=\"_blank\" rel=\"noreferrer noopener\"><strong>Tomates Fritos<\/strong><\/a>. Info: 932092617.&nbsp;Botas:&nbsp;<strong><a href=\"https:\/\/www.pinko.com\/es-es\/?gclid=Cj0KCQjw4eaJBhDMARIsANhrQADnP-CnHwptVf4FZLAECZKFp0gob2fAsXZ2m69NnqJxrox_KlkEoKYaAnyfEALw_wcB\" target=\"_blank\" rel=\"noreferrer noopener\">Pinko<\/a><\/strong>&nbsp;OI 21\/22. De venta el su tienda de Paseo de gracia, 79 Barcelona. Info: 93 2157175. Collares:&nbsp;<strong><a href=\"https:\/\/www.sitanevado.com\/es\/\" target=\"_blank\" rel=\"noreferrer noopener\">Sita Nevado<\/a><\/strong>. Bolso. <strong>Dior<\/strong>. Gafas: <strong>Ray Ban<\/strong>. Nueva colecci\u00f3n. <\/p>\n\n\n\n<figure class=\"wp-block-image size-full\"><img decoding=\"async\" loading=\"lazy\" width=\"1500\" height=\"2250\" src=\"https:\/\/diariodeestilo.es\/wp-content\/uploads\/2021\/09\/tendencia-otono-invierno-2021-9.jpg\" alt=\"\" class=\"wp-image-44938\" srcset=\"https:\/\/diariodeestilo.es\/wp-content\/uploads\/2021\/09\/tendencia-otono-invierno-2021-9.jpg 1500w, https:\/\/diariodeestilo.es\/wp-content\/uploads\/2021\/09\/tendencia-otono-invierno-2021-9-200x300.jpg 200w, https:\/\/diariodeestilo.es\/wp-content\/uploads\/2021\/09\/tendencia-otono-invierno-2021-9-683x1024.jpg 683w, https:\/\/diariodeestilo.es\/wp-content\/uploads\/2021\/09\/tendencia-otono-invierno-2021-9-768x1152.jpg 768w, https:\/\/diariodeestilo.es\/wp-content\/uploads\/2021\/09\/tendencia-otono-invierno-2021-9-1024x1536.jpg 1024w, https:\/\/diariodeestilo.es\/wp-content\/uploads\/2021\/09\/tendencia-otono-invierno-2021-9-1365x2048.jpg 1365w, https:\/\/diariodeestilo.es\/wp-content\/uploads\/2021\/09\/tendencia-otono-invierno-2021-9-1140x1710.jpg 1140w\" sizes=\"(max-width: 1500px) 100vw, 1500px\" \/><\/figure>\n\n\n\n<figure class=\"wp-block-image size-full\"><img decoding=\"async\" loading=\"lazy\" width=\"1500\" height=\"2250\" src=\"https:\/\/diariodeestilo.es\/wp-content\/uploads\/2021\/09\/tendencia-otono-invierno-2021-10.jpg\" alt=\"\" class=\"wp-image-44949\" srcset=\"https:\/\/diariodeestilo.es\/wp-content\/uploads\/2021\/09\/tendencia-otono-invierno-2021-10.jpg 1500w, https:\/\/diariodeestilo.es\/wp-content\/uploads\/2021\/09\/tendencia-otono-invierno-2021-10-200x300.jpg 200w, https:\/\/diariodeestilo.es\/wp-content\/uploads\/2021\/09\/tendencia-otono-invierno-2021-10-683x1024.jpg 683w, https:\/\/diariodeestilo.es\/wp-content\/uploads\/2021\/09\/tendencia-otono-invierno-2021-10-768x1152.jpg 768w, https:\/\/diariodeestilo.es\/wp-content\/uploads\/2021\/09\/tendencia-otono-invierno-2021-10-1024x1536.jpg 1024w, https:\/\/diariodeestilo.es\/wp-content\/uploads\/2021\/09\/tendencia-otono-invierno-2021-10-1365x2048.jpg 1365w, https:\/\/diariodeestilo.es\/wp-content\/uploads\/2021\/09\/tendencia-otono-invierno-2021-10-1140x1710.jpg 1140w\" sizes=\"(max-width: 1500px) 100vw, 1500px\" \/><\/figure>\n\n\n\n<p>Fotograf\u00eda:&nbsp;Gorka Gonz\u00e1lez.<br>Peluquer\u00eda:&nbsp;<strong><a href=\"https:\/\/vanitasespai.es\/\" target=\"_blank\" rel=\"noreferrer noopener\">Vanitas Espa<\/a><\/strong>i. Manicura:&nbsp;<strong><a href=\"https:\/\/elsalonbyaurainstitut.com\/\" target=\"_blank\" rel=\"noreferrer noopener\">El Sal\u00f3n by Aura Institut<\/a><\/strong>.<\/p>\n","protected":false},"excerpt":{"rendered":"<p>Americana: Hebe Studio PV 21. Body: Love Stories Intimates OI 21\/22 todo para&nbsp;Tomates Fritos. Info: 932092617.&nbsp;Botas:&nbsp;Pinko&nbsp;OI 21\/22. De venta el su tienda de Paseo de gracia, 79 Barcelona. Info: 93 2157175. Collares:&nbsp;Sita Nevado. Bolso. Dior. Gafas: Ray Ban. Nueva colecci\u00f3n. Fotograf\u00eda:&nbsp;Gorka Gonz\u00e1lez.Peluquer\u00eda:&nbsp;Vanitas Espai. Manicura:&nbsp;El Sal\u00f3n by Aura Institut.<\/p>\n","protected":false},"author":2,"featured_media":44946,"comment_status":"open","ping_status":"open","sticky":false,"template":"","format":"standard","meta":{"footnotes":""},"categories":[220],"tags":[],"yoast_head":"<!-- This site is optimized with the Yoast SEO plugin v21.1 - https:\/\/yoast.com\/wordpress\/plugins\/seo\/ -->\n<title>Piezas que ganan la partida al tiempo y demuestran su versatilidad - Diario de Estilo<\/title>\n<meta name=\"robots\" content=\"index, follow, max-snippet:-1, max-image-preview:large, max-video-preview:-1\" \/>\n<link rel=\"canonical\" href=\"https:\/\/diariodeestilo.es\/2021\/09\/20\/piezas-que-ganan-la-partida-al-tiempo-y-demuestran-su-versatilidad\/\" \/>\n<meta property=\"og:locale\" content=\"en_US\" \/>\n<meta property=\"og:type\" content=\"article\" \/>\n<meta property=\"og:title\" content=\"Piezas que ganan la partida al tiempo y demuestran su versatilidad - Diario de Estilo\" \/>\n<meta property=\"og:description\" content=\"Americana: Hebe Studio PV 21. Body: Love Stories Intimates OI 21\/22 todo para&nbsp;Tomates Fritos. Info: 932092617.&nbsp;Botas:&nbsp;Pinko&nbsp;OI 21\/22. De venta el su tienda de Paseo de gracia, 79 Barcelona. Info: 93 2157175. Collares:&nbsp;Sita Nevado. Bolso. Dior. Gafas: Ray Ban. Nueva colecci\u00f3n. Fotograf\u00eda:&nbsp;Gorka Gonz\u00e1lez.Peluquer\u00eda:&nbsp;Vanitas Espai. Manicura:&nbsp;El Sal\u00f3n by Aura Institut.\" \/>\n<meta property=\"og:url\" content=\"https:\/\/diariodeestilo.es\/2021\/09\/20\/piezas-que-ganan-la-partida-al-tiempo-y-demuestran-su-versatilidad\/\" \/>\n<meta property=\"og:site_name\" content=\"Diario de Estilo\" \/>\n<meta property=\"article:published_time\" content=\"2021-09-20T10:05:50+00:00\" \/>\n<meta property=\"article:modified_time\" content=\"2021-09-20T10:38:38+00:00\" \/>\n<meta property=\"og:image\" content=\"https:\/\/diariodeestilo.es\/wp-content\/uploads\/2021\/09\/CABECERA-tendencia-otono-invierno-2021-1.jpg\" \/>\n\t<meta property=\"og:image:width\" content=\"1003\" \/>\n\t<meta property=\"og:image:height\" content=\"640\" \/>\n\t<meta property=\"og:image:type\" content=\"image\/jpeg\" \/>\n<meta name=\"author\" content=\"Mariona Planas\" \/>\n<meta name=\"twitter:card\" content=\"summary_large_image\" \/>\n<meta name=\"twitter:label1\" content=\"Written by\" \/>\n\t<meta name=\"twitter:data1\" content=\"Mariona Planas\" \/>\n\t<meta name=\"twitter:label2\" content=\"Est. reading time\" \/>\n\t<meta name=\"twitter:data2\" content=\"2 minutes\" \/>\n<script type=\"application\/ld+json\" class=\"yoast-schema-graph\">{\"@context\":\"https:\/\/schema.org\",\"@graph\":[{\"@type\":\"WebPage\",\"@id\":\"https:\/\/diariodeestilo.es\/2021\/09\/20\/piezas-que-ganan-la-partida-al-tiempo-y-demuestran-su-versatilidad\/\",\"url\":\"https:\/\/diariodeestilo.es\/2021\/09\/20\/piezas-que-ganan-la-partida-al-tiempo-y-demuestran-su-versatilidad\/\",\"name\":\"Piezas que ganan la partida al tiempo y demuestran su versatilidad - Diario de Estilo\",\"isPartOf\":{\"@id\":\"https:\/\/diariodeestilo.es\/en\/#website\"},\"datePublished\":\"2021-09-20T10:05:50+00:00\",\"dateModified\":\"2021-09-20T10:38:38+00:00\",\"author\":{\"@id\":\"https:\/\/diariodeestilo.es\/en\/#\/schema\/person\/43934c18347f4c6412e111f5d11a4d45\"},\"breadcrumb\":{\"@id\":\"https:\/\/diariodeestilo.es\/2021\/09\/20\/piezas-que-ganan-la-partida-al-tiempo-y-demuestran-su-versatilidad\/#breadcrumb\"},\"inLanguage\":\"en-US\",\"potentialAction\":[{\"@type\":\"ReadAction\",\"target\":[\"https:\/\/diariodeestilo.es\/2021\/09\/20\/piezas-que-ganan-la-partida-al-tiempo-y-demuestran-su-versatilidad\/\"]}]},{\"@type\":\"BreadcrumbList\",\"@id\":\"https:\/\/diariodeestilo.es\/2021\/09\/20\/piezas-que-ganan-la-partida-al-tiempo-y-demuestran-su-versatilidad\/#breadcrumb\",\"itemListElement\":[{\"@type\":\"ListItem\",\"position\":1,\"name\":\"Portada\",\"item\":\"https:\/\/diariodeestilo.es\/en\/\"},{\"@type\":\"ListItem\",\"position\":2,\"name\":\"Piezas que ganan la partida al tiempo y demuestran su versatilidad\"}]},{\"@type\":\"WebSite\",\"@id\":\"https:\/\/diariodeestilo.es\/en\/#website\",\"url\":\"https:\/\/diariodeestilo.es\/en\/\",\"name\":\"Diario de Estilo\",\"description\":\"by Mariona Planas\",\"potentialAction\":[{\"@type\":\"SearchAction\",\"target\":{\"@type\":\"EntryPoint\",\"urlTemplate\":\"https:\/\/diariodeestilo.es\/en\/?s={search_term_string}\"},\"query-input\":\"required name=search_term_string\"}],\"inLanguage\":\"en-US\"},{\"@type\":\"Person\",\"@id\":\"https:\/\/diariodeestilo.es\/en\/#\/schema\/person\/43934c18347f4c6412e111f5d11a4d45\",\"name\":\"Mariona Planas\",\"image\":{\"@type\":\"ImageObject\",\"inLanguage\":\"en-US\",\"@id\":\"https:\/\/diariodeestilo.es\/en\/#\/schema\/person\/image\/\",\"url\":\"https:\/\/secure.gravatar.com\/avatar\/f66a0cfcee8304bc37b4e88baff319df?s=96&d=mm&r=g\",\"contentUrl\":\"https:\/\/secure.gravatar.com\/avatar\/f66a0cfcee8304bc37b4e88baff319df?s=96&d=mm&r=g\",\"caption\":\"Mariona Planas\"},\"url\":\"https:\/\/diariodeestilo.es\/en\/author\/mariona\/\"}]}<\/script>\n<!-- \/ Yoast SEO plugin. -->","yoast_head_json":{"title":"Piezas que ganan la partida al tiempo y demuestran su versatilidad - Diario de Estilo","robots":{"index":"index","follow":"follow","max-snippet":"max-snippet:-1","max-image-preview":"max-image-preview:large","max-video-preview":"max-video-preview:-1"},"canonical":"https:\/\/diariodeestilo.es\/2021\/09\/20\/piezas-que-ganan-la-partida-al-tiempo-y-demuestran-su-versatilidad\/","og_locale":"en_US","og_type":"article","og_title":"Piezas que ganan la partida al tiempo y demuestran su versatilidad - Diario de Estilo","og_description":"Americana: Hebe Studio PV 21. Body: Love Stories Intimates OI 21\/22 todo para&nbsp;Tomates Fritos. Info: 932092617.&nbsp;Botas:&nbsp;Pinko&nbsp;OI 21\/22. De venta el su tienda de Paseo de gracia, 79 Barcelona. Info: 93 2157175. Collares:&nbsp;Sita Nevado. Bolso. Dior. Gafas: Ray Ban. Nueva colecci\u00f3n. Fotograf\u00eda:&nbsp;Gorka Gonz\u00e1lez.Peluquer\u00eda:&nbsp;Vanitas Espai. Manicura:&nbsp;El Sal\u00f3n by Aura Institut.","og_url":"https:\/\/diariodeestilo.es\/2021\/09\/20\/piezas-que-ganan-la-partida-al-tiempo-y-demuestran-su-versatilidad\/","og_site_name":"Diario de Estilo","article_published_time":"2021-09-20T10:05:50+00:00","article_modified_time":"2021-09-20T10:38:38+00:00","og_image":[{"width":1003,"height":640,"url":"https:\/\/diariodeestilo.es\/wp-content\/uploads\/2021\/09\/CABECERA-tendencia-otono-invierno-2021-1.jpg","type":"image\/jpeg"}],"author":"Mariona Planas","twitter_card":"summary_large_image","twitter_misc":{"Written by":"Mariona Planas","Est. reading time":"2 minutes"},"schema":{"@context":"https:\/\/schema.org","@graph":[{"@type":"WebPage","@id":"https:\/\/diariodeestilo.es\/2021\/09\/20\/piezas-que-ganan-la-partida-al-tiempo-y-demuestran-su-versatilidad\/","url":"https:\/\/diariodeestilo.es\/2021\/09\/20\/piezas-que-ganan-la-partida-al-tiempo-y-demuestran-su-versatilidad\/","name":"Piezas que ganan la partida al tiempo y demuestran su versatilidad - Diario de Estilo","isPartOf":{"@id":"https:\/\/diariodeestilo.es\/en\/#website"},"datePublished":"2021-09-20T10:05:50+00:00","dateModified":"2021-09-20T10:38:38+00:00","author":{"@id":"https:\/\/diariodeestilo.es\/en\/#\/schema\/person\/43934c18347f4c6412e111f5d11a4d45"},"breadcrumb":{"@id":"https:\/\/diariodeestilo.es\/2021\/09\/20\/piezas-que-ganan-la-partida-al-tiempo-y-demuestran-su-versatilidad\/#breadcrumb"},"inLanguage":"en-US","potentialAction":[{"@type":"ReadAction","target":["https:\/\/diariodeestilo.es\/2021\/09\/20\/piezas-que-ganan-la-partida-al-tiempo-y-demuestran-su-versatilidad\/"]}]},{"@type":"BreadcrumbList","@id":"https:\/\/diariodeestilo.es\/2021\/09\/20\/piezas-que-ganan-la-partida-al-tiempo-y-demuestran-su-versatilidad\/#breadcrumb","itemListElement":[{"@type":"ListItem","position":1,"name":"Portada","item":"https:\/\/diariodeestilo.es\/en\/"},{"@type":"ListItem","position":2,"name":"Piezas que ganan la partida al tiempo y demuestran su versatilidad"}]},{"@type":"WebSite","@id":"https:\/\/diariodeestilo.es\/en\/#website","url":"https:\/\/diariodeestilo.es\/en\/","name":"Diario de Estilo","description":"by Mariona Planas","potentialAction":[{"@type":"SearchAction","target":{"@type":"EntryPoint","urlTemplate":"https:\/\/diariodeestilo.es\/en\/?s={search_term_string}"},"query-input":"required name=search_term_string"}],"inLanguage":"en-US"},{"@type":"Person","@id":"https:\/\/diariodeestilo.es\/en\/#\/schema\/person\/43934c18347f4c6412e111f5d11a4d45","name":"Mariona Planas","image":{"@type":"ImageObject","inLanguage":"en-US","@id":"https:\/\/diariodeestilo.es\/en\/#\/schema\/person\/image\/","url":"https:\/\/secure.gravatar.com\/avatar\/f66a0cfcee8304bc37b4e88baff319df?s=96&d=mm&r=g","contentUrl":"https:\/\/secure.gravatar.com\/avatar\/f66a0cfcee8304bc37b4e88baff319df?s=96&d=mm&r=g","caption":"Mariona Planas"},"url":"https:\/\/diariodeestilo.es\/en\/author\/mariona\/"}]}},"_links":{"self":[{"href":"https:\/\/diariodeestilo.es\/en\/wp-json\/wp\/v2\/posts\/44942"}],"collection":[{"href":"https:\/\/diariodeestilo.es\/en\/wp-json\/wp\/v2\/posts"}],"about":[{"href":"https:\/\/diariodeestilo.es\/en\/wp-json\/wp\/v2\/types\/post"}],"author":[{"embeddable":true,"href":"https:\/\/diariodeestilo.es\/en\/wp-json\/wp\/v2\/users\/2"}],"replies":[{"embeddable":true,"href":"https:\/\/diariodeestilo.es\/en\/wp-json\/wp\/v2\/comments?post=44942"}],"version-history":[{"count":3,"href":"https:\/\/diariodeestilo.es\/en\/wp-json\/wp\/v2\/posts\/44942\/revisions"}],"predecessor-version":[{"id":44952,"href":"https:\/\/diariodeestilo.es\/en\/wp-json\/wp\/v2\/posts\/44942\/revisions\/44952"}],"wp:featuredmedia":[{"embeddable":true,"href":"https:\/\/diariodeestilo.es\/en\/wp-json\/wp\/v2\/media\/44946"}],"wp:attachment":[{"href":"https:\/\/diariodeestilo.es\/en\/wp-json\/wp\/v2\/media?parent=44942"}],"wp:term":[{"taxonomy":"category","embeddable":true,"href":"https:\/\/diariodeestilo.es\/en\/wp-json\/wp\/v2\/categories?post=44942"},{"taxonomy":"post_tag","embeddable":true,"href":"https:\/\/diariodeestilo.es\/en\/wp-json\/wp\/v2\/tags?post=44942"}],"curies":[{"name":"wp","href":"https:\/\/api.w.org\/{rel}","templated":true}]}}