{"id":46008,"date":"2021-12-23T08:03:00","date_gmt":"2021-12-23T07:03:00","guid":{"rendered":"https:\/\/diariodeestilo.es\/?p=46008"},"modified":"2021-12-23T08:19:26","modified_gmt":"2021-12-23T07:19:26","slug":"navidad-2021-los-suenos-de-la-imaginacion-producen-ninas-que-bailan","status":"publish","type":"post","link":"https:\/\/diariodeestilo.es\/en\/2021\/12\/23\/navidad-2021-los-suenos-de-la-imaginacion-producen-ninas-que-bailan\/","title":{"rendered":"Navidad 2021. Los sue\u00f1os de la imaginaci\u00f3n producen ni\u00f1as que bailan"},"content":{"rendered":"\n<figure class=\"wp-block-image size-full\"><img decoding=\"async\" loading=\"lazy\" width=\"1800\" height=\"2400\" src=\"https:\/\/diariodeestilo.es\/wp-content\/uploads\/2021\/12\/VAGARY-KALON-MARIONA-1.jpg\" alt=\"\" class=\"wp-image-45991\" srcset=\"https:\/\/diariodeestilo.es\/wp-content\/uploads\/2021\/12\/VAGARY-KALON-MARIONA-1.jpg 1800w, https:\/\/diariodeestilo.es\/wp-content\/uploads\/2021\/12\/VAGARY-KALON-MARIONA-1-225x300.jpg 225w, https:\/\/diariodeestilo.es\/wp-content\/uploads\/2021\/12\/VAGARY-KALON-MARIONA-1-768x1024.jpg 768w, https:\/\/diariodeestilo.es\/wp-content\/uploads\/2021\/12\/VAGARY-KALON-MARIONA-1-1152x1536.jpg 1152w, https:\/\/diariodeestilo.es\/wp-content\/uploads\/2021\/12\/VAGARY-KALON-MARIONA-1-1536x2048.jpg 1536w, https:\/\/diariodeestilo.es\/wp-content\/uploads\/2021\/12\/VAGARY-KALON-MARIONA-1-1140x1520.jpg 1140w\" sizes=\"(max-width: 1800px) 100vw, 1800px\" \/><\/figure>\n\n\n\n<p class=\"has-drop-cap\">&#8220;Imaginar tiene mucho que ver con jugar. Recordar con vivir. Y vivir, s\u00f3lo se siente en presente y de anhela en futuro. Imaginar un recuerdo es de primero de locura. Que un recuerdo imaginado no te cierre los ojos sino al rev\u00e9s: te los abra. Es de primero de utop\u00eda. Crecer tiene mucho que ver con caminar. Y el camino parte de, pero s\u00f3lo tiene sentido con un hacia a. Reconocer que la belleza est\u00e1 en los ojos que la miran es de primero de poes\u00eda&#8221;. Primero de Poeta. Patricia Benito.<\/p>\n\n\n\n<figure class=\"wp-block-image size-full\"><img decoding=\"async\" loading=\"lazy\" width=\"1800\" height=\"2400\" src=\"https:\/\/diariodeestilo.es\/wp-content\/uploads\/2021\/12\/VAGARY-KALON-MARIONA-2.jpg\" alt=\"\" class=\"wp-image-45993\" srcset=\"https:\/\/diariodeestilo.es\/wp-content\/uploads\/2021\/12\/VAGARY-KALON-MARIONA-2.jpg 1800w, https:\/\/diariodeestilo.es\/wp-content\/uploads\/2021\/12\/VAGARY-KALON-MARIONA-2-225x300.jpg 225w, https:\/\/diariodeestilo.es\/wp-content\/uploads\/2021\/12\/VAGARY-KALON-MARIONA-2-768x1024.jpg 768w, https:\/\/diariodeestilo.es\/wp-content\/uploads\/2021\/12\/VAGARY-KALON-MARIONA-2-1152x1536.jpg 1152w, https:\/\/diariodeestilo.es\/wp-content\/uploads\/2021\/12\/VAGARY-KALON-MARIONA-2-1536x2048.jpg 1536w, https:\/\/diariodeestilo.es\/wp-content\/uploads\/2021\/12\/VAGARY-KALON-MARIONA-2-1140x1520.jpg 1140w\" sizes=\"(max-width: 1800px) 100vw, 1800px\" \/><\/figure>\n\n\n\n<figure class=\"wp-block-image size-full\"><img decoding=\"async\" loading=\"lazy\" width=\"1800\" height=\"2400\" src=\"https:\/\/diariodeestilo.es\/wp-content\/uploads\/2021\/12\/VAGARY-KALON-MARIONA-3.jpg\" alt=\"\" class=\"wp-image-45995\" srcset=\"https:\/\/diariodeestilo.es\/wp-content\/uploads\/2021\/12\/VAGARY-KALON-MARIONA-3.jpg 1800w, https:\/\/diariodeestilo.es\/wp-content\/uploads\/2021\/12\/VAGARY-KALON-MARIONA-3-225x300.jpg 225w, https:\/\/diariodeestilo.es\/wp-content\/uploads\/2021\/12\/VAGARY-KALON-MARIONA-3-768x1024.jpg 768w, https:\/\/diariodeestilo.es\/wp-content\/uploads\/2021\/12\/VAGARY-KALON-MARIONA-3-1152x1536.jpg 1152w, https:\/\/diariodeestilo.es\/wp-content\/uploads\/2021\/12\/VAGARY-KALON-MARIONA-3-1536x2048.jpg 1536w, https:\/\/diariodeestilo.es\/wp-content\/uploads\/2021\/12\/VAGARY-KALON-MARIONA-3-1140x1520.jpg 1140w\" sizes=\"(max-width: 1800px) 100vw, 1800px\" \/><\/figure>\n\n\n\n<p>Ayer, en el Atelier de <strong><a href=\"https:\/\/www.vagarykalon.com\/\" target=\"_blank\" rel=\"noreferrer noopener\">Vagary Kalon<\/a><\/strong>, Gala Canut y yo. Nosotras en esencia, sin trampa ni cart\u00f3n, masticando el ahora, sintonizando la m\u00fasica, inmortalizado el reencuentro. <\/p>\n\n\n\n<figure class=\"wp-block-image size-full\"><img decoding=\"async\" loading=\"lazy\" width=\"2560\" height=\"2196\" src=\"https:\/\/diariodeestilo.es\/wp-content\/uploads\/2021\/12\/VAGARY-KALON-MARIONA-7-scaled.jpg\" alt=\"\" class=\"wp-image-46017\" srcset=\"https:\/\/diariodeestilo.es\/wp-content\/uploads\/2021\/12\/VAGARY-KALON-MARIONA-7-scaled.jpg 2560w, https:\/\/diariodeestilo.es\/wp-content\/uploads\/2021\/12\/VAGARY-KALON-MARIONA-7-300x257.jpg 300w, https:\/\/diariodeestilo.es\/wp-content\/uploads\/2021\/12\/VAGARY-KALON-MARIONA-7-1024x878.jpg 1024w, https:\/\/diariodeestilo.es\/wp-content\/uploads\/2021\/12\/VAGARY-KALON-MARIONA-7-768x659.jpg 768w, https:\/\/diariodeestilo.es\/wp-content\/uploads\/2021\/12\/VAGARY-KALON-MARIONA-7-1536x1318.jpg 1536w, https:\/\/diariodeestilo.es\/wp-content\/uploads\/2021\/12\/VAGARY-KALON-MARIONA-7-2048x1757.jpg 2048w, https:\/\/diariodeestilo.es\/wp-content\/uploads\/2021\/12\/VAGARY-KALON-MARIONA-7-1140x978.jpg 1140w, https:\/\/diariodeestilo.es\/wp-content\/uploads\/2021\/12\/VAGARY-KALON-MARIONA-7-1920x1647.jpg 1920w\" sizes=\"(max-width: 2560px) 100vw, 2560px\" \/><\/figure>\n\n\n\n<p>Pod\u00e9is visualizar su nueva colecci\u00f3n <strong><a href=\"https:\/\/diariodeestilo.es\/en\/2021\/12\/20\/si-la-navidad-fuera-un-vestido-para-mi-este-ano-seria-un-vagary-kalon\/\" target=\"_blank\" rel=\"noreferrer noopener\">aqu\u00ed<\/a><\/strong>.<\/p>\n\n\n\n<p>\u00a1Salud! Y felices fiestas<\/p>\n\n\n\n<p> <\/p>\n","protected":false},"excerpt":{"rendered":"<p>&#8220;Imaginar tiene mucho que ver con jugar. Recordar con vivir. Y vivir, s\u00f3lo se siente en presente y de anhela en futuro. Imaginar un recuerdo es de primero de locura. Que un recuerdo imaginado no te cierre los ojos sino al rev\u00e9s: te los abra. Es de primero de utop\u00eda. Crecer tiene mucho que ver con caminar. Y el camino parte de, pero s\u00f3lo tiene sentido con un hacia a. Reconocer que la belleza est\u00e1 en los ojos que la miran es de primero de poes\u00eda&#8221;. Primero de Poeta. Patricia Benito. Ayer, en el Atelier de Vagary Kalon, Gala Canut y yo. Nosotras en esencia, sin trampa ni cart\u00f3n, masticando el ahora, sintonizando la m\u00fasica, inmortalizado el reencuentro. Pod\u00e9is visualizar su nueva colecci\u00f3n aqu\u00ed. \u00a1Salud! Y felices fiestas<\/p>\n","protected":false},"author":2,"featured_media":45992,"comment_status":"open","ping_status":"open","sticky":false,"template":"","format":"standard","meta":{"footnotes":""},"categories":[220,40],"tags":[],"yoast_head":"<!-- This site is optimized with the Yoast SEO plugin v21.1 - https:\/\/yoast.com\/wordpress\/plugins\/seo\/ -->\n<title>Navidad 2021. Los sue\u00f1os de la imaginaci\u00f3n producen ni\u00f1as que bailan - Diario de Estilo<\/title>\n<meta name=\"robots\" content=\"index, follow, max-snippet:-1, max-image-preview:large, max-video-preview:-1\" \/>\n<link rel=\"canonical\" href=\"https:\/\/diariodeestilo.es\/2021\/12\/23\/navidad-2021-los-suenos-de-la-imaginacion-producen-ninas-que-bailan\/\" \/>\n<meta property=\"og:locale\" content=\"en_US\" \/>\n<meta property=\"og:type\" content=\"article\" \/>\n<meta property=\"og:title\" content=\"Navidad 2021. Los sue\u00f1os de la imaginaci\u00f3n producen ni\u00f1as que bailan - Diario de Estilo\" \/>\n<meta property=\"og:description\" content=\"&#8220;Imaginar tiene mucho que ver con jugar. Recordar con vivir. Y vivir, s\u00f3lo se siente en presente y de anhela en futuro. Imaginar un recuerdo es de primero de locura. Que un recuerdo imaginado no te cierre los ojos sino al rev\u00e9s: te los abra. Es de primero de utop\u00eda. Crecer tiene mucho que ver con caminar. Y el camino parte de, pero s\u00f3lo tiene sentido con un hacia a. Reconocer que la belleza est\u00e1 en los ojos que la miran es de primero de poes\u00eda&#8221;. Primero de Poeta. Patricia Benito. Ayer, en el Atelier de Vagary Kalon, Gala Canut y yo. Nosotras en esencia, sin trampa ni cart\u00f3n, masticando el ahora, sintonizando la m\u00fasica, inmortalizado el reencuentro. Pod\u00e9is visualizar su nueva colecci\u00f3n aqu\u00ed. \u00a1Salud! Y felices fiestas\" \/>\n<meta property=\"og:url\" content=\"https:\/\/diariodeestilo.es\/2021\/12\/23\/navidad-2021-los-suenos-de-la-imaginacion-producen-ninas-que-bailan\/\" \/>\n<meta property=\"og:site_name\" content=\"Diario de Estilo\" \/>\n<meta property=\"article:published_time\" content=\"2021-12-23T07:03:00+00:00\" \/>\n<meta property=\"article:modified_time\" content=\"2021-12-23T07:19:26+00:00\" \/>\n<meta property=\"og:image\" content=\"https:\/\/diariodeestilo.es\/wp-content\/uploads\/2021\/12\/VAGARY-KALON-MARIONA-1.jpg\" \/>\n\t<meta property=\"og:image:width\" content=\"1800\" \/>\n\t<meta property=\"og:image:height\" content=\"2400\" \/>\n\t<meta property=\"og:image:type\" content=\"image\/jpeg\" \/>\n<meta name=\"author\" content=\"Mariona Planas\" \/>\n<meta name=\"twitter:card\" content=\"summary_large_image\" \/>\n<meta name=\"twitter:label1\" content=\"Written by\" \/>\n\t<meta name=\"twitter:data1\" content=\"Mariona Planas\" \/>\n\t<meta name=\"twitter:label2\" content=\"Est. reading time\" \/>\n\t<meta name=\"twitter:data2\" content=\"2 minutes\" \/>\n<script type=\"application\/ld+json\" class=\"yoast-schema-graph\">{\"@context\":\"https:\/\/schema.org\",\"@graph\":[{\"@type\":\"WebPage\",\"@id\":\"https:\/\/diariodeestilo.es\/2021\/12\/23\/navidad-2021-los-suenos-de-la-imaginacion-producen-ninas-que-bailan\/\",\"url\":\"https:\/\/diariodeestilo.es\/2021\/12\/23\/navidad-2021-los-suenos-de-la-imaginacion-producen-ninas-que-bailan\/\",\"name\":\"Navidad 2021. Los sue\u00f1os de la imaginaci\u00f3n producen ni\u00f1as que bailan - Diario de Estilo\",\"isPartOf\":{\"@id\":\"https:\/\/diariodeestilo.es\/en\/#website\"},\"datePublished\":\"2021-12-23T07:03:00+00:00\",\"dateModified\":\"2021-12-23T07:19:26+00:00\",\"author\":{\"@id\":\"https:\/\/diariodeestilo.es\/en\/#\/schema\/person\/43934c18347f4c6412e111f5d11a4d45\"},\"breadcrumb\":{\"@id\":\"https:\/\/diariodeestilo.es\/2021\/12\/23\/navidad-2021-los-suenos-de-la-imaginacion-producen-ninas-que-bailan\/#breadcrumb\"},\"inLanguage\":\"en-US\",\"potentialAction\":[{\"@type\":\"ReadAction\",\"target\":[\"https:\/\/diariodeestilo.es\/2021\/12\/23\/navidad-2021-los-suenos-de-la-imaginacion-producen-ninas-que-bailan\/\"]}]},{\"@type\":\"BreadcrumbList\",\"@id\":\"https:\/\/diariodeestilo.es\/2021\/12\/23\/navidad-2021-los-suenos-de-la-imaginacion-producen-ninas-que-bailan\/#breadcrumb\",\"itemListElement\":[{\"@type\":\"ListItem\",\"position\":1,\"name\":\"Portada\",\"item\":\"https:\/\/diariodeestilo.es\/en\/\"},{\"@type\":\"ListItem\",\"position\":2,\"name\":\"Navidad 2021. Los sue\u00f1os de la imaginaci\u00f3n producen ni\u00f1as que bailan\"}]},{\"@type\":\"WebSite\",\"@id\":\"https:\/\/diariodeestilo.es\/en\/#website\",\"url\":\"https:\/\/diariodeestilo.es\/en\/\",\"name\":\"Diario de Estilo\",\"description\":\"by Mariona Planas\",\"potentialAction\":[{\"@type\":\"SearchAction\",\"target\":{\"@type\":\"EntryPoint\",\"urlTemplate\":\"https:\/\/diariodeestilo.es\/en\/?s={search_term_string}\"},\"query-input\":\"required name=search_term_string\"}],\"inLanguage\":\"en-US\"},{\"@type\":\"Person\",\"@id\":\"https:\/\/diariodeestilo.es\/en\/#\/schema\/person\/43934c18347f4c6412e111f5d11a4d45\",\"name\":\"Mariona Planas\",\"image\":{\"@type\":\"ImageObject\",\"inLanguage\":\"en-US\",\"@id\":\"https:\/\/diariodeestilo.es\/en\/#\/schema\/person\/image\/\",\"url\":\"https:\/\/secure.gravatar.com\/avatar\/f66a0cfcee8304bc37b4e88baff319df?s=96&d=mm&r=g\",\"contentUrl\":\"https:\/\/secure.gravatar.com\/avatar\/f66a0cfcee8304bc37b4e88baff319df?s=96&d=mm&r=g\",\"caption\":\"Mariona Planas\"},\"url\":\"https:\/\/diariodeestilo.es\/en\/author\/mariona\/\"}]}<\/script>\n<!-- \/ Yoast SEO plugin. -->","yoast_head_json":{"title":"Navidad 2021. Los sue\u00f1os de la imaginaci\u00f3n producen ni\u00f1as que bailan - Diario de Estilo","robots":{"index":"index","follow":"follow","max-snippet":"max-snippet:-1","max-image-preview":"max-image-preview:large","max-video-preview":"max-video-preview:-1"},"canonical":"https:\/\/diariodeestilo.es\/2021\/12\/23\/navidad-2021-los-suenos-de-la-imaginacion-producen-ninas-que-bailan\/","og_locale":"en_US","og_type":"article","og_title":"Navidad 2021. Los sue\u00f1os de la imaginaci\u00f3n producen ni\u00f1as que bailan - Diario de Estilo","og_description":"&#8220;Imaginar tiene mucho que ver con jugar. Recordar con vivir. Y vivir, s\u00f3lo se siente en presente y de anhela en futuro. Imaginar un recuerdo es de primero de locura. Que un recuerdo imaginado no te cierre los ojos sino al rev\u00e9s: te los abra. Es de primero de utop\u00eda. Crecer tiene mucho que ver con caminar. Y el camino parte de, pero s\u00f3lo tiene sentido con un hacia a. Reconocer que la belleza est\u00e1 en los ojos que la miran es de primero de poes\u00eda&#8221;. Primero de Poeta. Patricia Benito. Ayer, en el Atelier de Vagary Kalon, Gala Canut y yo. Nosotras en esencia, sin trampa ni cart\u00f3n, masticando el ahora, sintonizando la m\u00fasica, inmortalizado el reencuentro. Pod\u00e9is visualizar su nueva colecci\u00f3n aqu\u00ed. \u00a1Salud! Y felices fiestas","og_url":"https:\/\/diariodeestilo.es\/2021\/12\/23\/navidad-2021-los-suenos-de-la-imaginacion-producen-ninas-que-bailan\/","og_site_name":"Diario de Estilo","article_published_time":"2021-12-23T07:03:00+00:00","article_modified_time":"2021-12-23T07:19:26+00:00","og_image":[{"width":1800,"height":2400,"url":"https:\/\/diariodeestilo.es\/wp-content\/uploads\/2021\/12\/VAGARY-KALON-MARIONA-1.jpg","type":"image\/jpeg"}],"author":"Mariona Planas","twitter_card":"summary_large_image","twitter_misc":{"Written by":"Mariona Planas","Est. reading time":"2 minutes"},"schema":{"@context":"https:\/\/schema.org","@graph":[{"@type":"WebPage","@id":"https:\/\/diariodeestilo.es\/2021\/12\/23\/navidad-2021-los-suenos-de-la-imaginacion-producen-ninas-que-bailan\/","url":"https:\/\/diariodeestilo.es\/2021\/12\/23\/navidad-2021-los-suenos-de-la-imaginacion-producen-ninas-que-bailan\/","name":"Navidad 2021. Los sue\u00f1os de la imaginaci\u00f3n producen ni\u00f1as que bailan - Diario de Estilo","isPartOf":{"@id":"https:\/\/diariodeestilo.es\/en\/#website"},"datePublished":"2021-12-23T07:03:00+00:00","dateModified":"2021-12-23T07:19:26+00:00","author":{"@id":"https:\/\/diariodeestilo.es\/en\/#\/schema\/person\/43934c18347f4c6412e111f5d11a4d45"},"breadcrumb":{"@id":"https:\/\/diariodeestilo.es\/2021\/12\/23\/navidad-2021-los-suenos-de-la-imaginacion-producen-ninas-que-bailan\/#breadcrumb"},"inLanguage":"en-US","potentialAction":[{"@type":"ReadAction","target":["https:\/\/diariodeestilo.es\/2021\/12\/23\/navidad-2021-los-suenos-de-la-imaginacion-producen-ninas-que-bailan\/"]}]},{"@type":"BreadcrumbList","@id":"https:\/\/diariodeestilo.es\/2021\/12\/23\/navidad-2021-los-suenos-de-la-imaginacion-producen-ninas-que-bailan\/#breadcrumb","itemListElement":[{"@type":"ListItem","position":1,"name":"Portada","item":"https:\/\/diariodeestilo.es\/en\/"},{"@type":"ListItem","position":2,"name":"Navidad 2021. Los sue\u00f1os de la imaginaci\u00f3n producen ni\u00f1as que bailan"}]},{"@type":"WebSite","@id":"https:\/\/diariodeestilo.es\/en\/#website","url":"https:\/\/diariodeestilo.es\/en\/","name":"Diario de Estilo","description":"by Mariona Planas","potentialAction":[{"@type":"SearchAction","target":{"@type":"EntryPoint","urlTemplate":"https:\/\/diariodeestilo.es\/en\/?s={search_term_string}"},"query-input":"required name=search_term_string"}],"inLanguage":"en-US"},{"@type":"Person","@id":"https:\/\/diariodeestilo.es\/en\/#\/schema\/person\/43934c18347f4c6412e111f5d11a4d45","name":"Mariona Planas","image":{"@type":"ImageObject","inLanguage":"en-US","@id":"https:\/\/diariodeestilo.es\/en\/#\/schema\/person\/image\/","url":"https:\/\/secure.gravatar.com\/avatar\/f66a0cfcee8304bc37b4e88baff319df?s=96&d=mm&r=g","contentUrl":"https:\/\/secure.gravatar.com\/avatar\/f66a0cfcee8304bc37b4e88baff319df?s=96&d=mm&r=g","caption":"Mariona Planas"},"url":"https:\/\/diariodeestilo.es\/en\/author\/mariona\/"}]}},"_links":{"self":[{"href":"https:\/\/diariodeestilo.es\/en\/wp-json\/wp\/v2\/posts\/46008"}],"collection":[{"href":"https:\/\/diariodeestilo.es\/en\/wp-json\/wp\/v2\/posts"}],"about":[{"href":"https:\/\/diariodeestilo.es\/en\/wp-json\/wp\/v2\/types\/post"}],"author":[{"embeddable":true,"href":"https:\/\/diariodeestilo.es\/en\/wp-json\/wp\/v2\/users\/2"}],"replies":[{"embeddable":true,"href":"https:\/\/diariodeestilo.es\/en\/wp-json\/wp\/v2\/comments?post=46008"}],"version-history":[{"count":5,"href":"https:\/\/diariodeestilo.es\/en\/wp-json\/wp\/v2\/posts\/46008\/revisions"}],"predecessor-version":[{"id":46020,"href":"https:\/\/diariodeestilo.es\/en\/wp-json\/wp\/v2\/posts\/46008\/revisions\/46020"}],"wp:featuredmedia":[{"embeddable":true,"href":"https:\/\/diariodeestilo.es\/en\/wp-json\/wp\/v2\/media\/45992"}],"wp:attachment":[{"href":"https:\/\/diariodeestilo.es\/en\/wp-json\/wp\/v2\/media?parent=46008"}],"wp:term":[{"taxonomy":"category","embeddable":true,"href":"https:\/\/diariodeestilo.es\/en\/wp-json\/wp\/v2\/categories?post=46008"},{"taxonomy":"post_tag","embeddable":true,"href":"https:\/\/diariodeestilo.es\/en\/wp-json\/wp\/v2\/tags?post=46008"}],"curies":[{"name":"wp","href":"https:\/\/api.w.org\/{rel}","templated":true}]}}