{"id":46935,"date":"2022-03-14T11:33:11","date_gmt":"2022-03-14T10:33:11","guid":{"rendered":"https:\/\/diariodeestilo.es\/?p=46935"},"modified":"2022-03-14T11:33:12","modified_gmt":"2022-03-14T10:33:12","slug":"anna-cortinas-peace-handbag-is-opening-jorge-vazquezs-show-at-the-mbfwm","status":"publish","type":"post","link":"https:\/\/diariodeestilo.es\/en\/2022\/03\/14\/anna-cortinas-peace-handbag-is-opening-jorge-vazquezs-show-at-the-mbfwm\/","title":{"rendered":"Anna Cortina&#8217;s PEACE handbag is opening Jorge V\u00e1zquez&#8217;s show at the MBFWM"},"content":{"rendered":"\n<figure class=\"wp-block-image size-full\"><img decoding=\"async\" loading=\"lazy\" width=\"1600\" height=\"2400\" src=\"https:\/\/diariodeestilo.es\/wp-content\/uploads\/2022\/03\/JorgeVazquez_004-ANNA-CORTINA-1.jpg\" alt=\"\" class=\"wp-image-46869\" srcset=\"https:\/\/diariodeestilo.es\/wp-content\/uploads\/2022\/03\/JorgeVazquez_004-ANNA-CORTINA-1.jpg 1600w, https:\/\/diariodeestilo.es\/wp-content\/uploads\/2022\/03\/JorgeVazquez_004-ANNA-CORTINA-1-200x300.jpg 200w, https:\/\/diariodeestilo.es\/wp-content\/uploads\/2022\/03\/JorgeVazquez_004-ANNA-CORTINA-1-683x1024.jpg 683w, https:\/\/diariodeestilo.es\/wp-content\/uploads\/2022\/03\/JorgeVazquez_004-ANNA-CORTINA-1-768x1152.jpg 768w, https:\/\/diariodeestilo.es\/wp-content\/uploads\/2022\/03\/JorgeVazquez_004-ANNA-CORTINA-1-1024x1536.jpg 1024w, https:\/\/diariodeestilo.es\/wp-content\/uploads\/2022\/03\/JorgeVazquez_004-ANNA-CORTINA-1-1365x2048.jpg 1365w, https:\/\/diariodeestilo.es\/wp-content\/uploads\/2022\/03\/JorgeVazquez_004-ANNA-CORTINA-1-1140x1710.jpg 1140w\" sizes=\"(max-width: 1600px) 100vw, 1600px\" \/><\/figure>\n\n\n\n<p class=\"has-drop-cap\">Last Friday, within the framework of the MBFWM, a hand-painted yellow leather shopping bag with the word PEACE on it was the tribute to Ukraine by the handbag designer <a href=\"https:\/\/www.annacortina.com\/en\" target=\"_blank\" rel=\"noreferrer noopener\"><strong>Anna Cortina<\/strong> <\/a>and the Galician designer <strong><a href=\"https:\/\/www.jorgevazquez.com\/\" target=\"_blank\" rel=\"noreferrer noopener\">Jorge V\u00e1zquez<\/a><\/strong>, with which they pledged for the end of an unjust war.<\/p>\n\n\n\n<p>The strange moan and crying of the Flemish painting taking centre stage on the catwalk gave rise to a dramatic spectacle that evoked a deep uneasiness about the future of Ukraine due to the Russian invasion, while the Ukrainian model <strong>Samy<\/strong>, dressed in a yellow shirt with wide sleeves with a large flower in the same colour as an ornament on her neck, some blue high-waisted sequin-covered trousers and the <strong>PEACE bag<\/strong>, opened the fashion show for the Autumn-Winter 2022\/2023 &#8220;pr\u00eat-\u00e1-porter&#8221; <strong>CASTIZO<\/strong> collection by <strong>Jorge V\u00e1zquez<\/strong>, an ode to the purest patriotic style to freedom, traditions, handcraftsmanship, mastery of technique, selection of fabrics and colours and vibrant items of clothing.<\/p>\n\n\n\n<figure class=\"wp-block-image size-full\"><img decoding=\"async\" loading=\"lazy\" width=\"2560\" height=\"1707\" src=\"https:\/\/diariodeestilo.es\/wp-content\/uploads\/2022\/03\/ANNA-CORTINA-5-JorgeVazquez_005-scaled.jpg\" alt=\"\" class=\"wp-image-46879\" srcset=\"https:\/\/diariodeestilo.es\/wp-content\/uploads\/2022\/03\/ANNA-CORTINA-5-JorgeVazquez_005-scaled.jpg 2560w, https:\/\/diariodeestilo.es\/wp-content\/uploads\/2022\/03\/ANNA-CORTINA-5-JorgeVazquez_005-300x200.jpg 300w, https:\/\/diariodeestilo.es\/wp-content\/uploads\/2022\/03\/ANNA-CORTINA-5-JorgeVazquez_005-1024x683.jpg 1024w, https:\/\/diariodeestilo.es\/wp-content\/uploads\/2022\/03\/ANNA-CORTINA-5-JorgeVazquez_005-768x512.jpg 768w, https:\/\/diariodeestilo.es\/wp-content\/uploads\/2022\/03\/ANNA-CORTINA-5-JorgeVazquez_005-1536x1024.jpg 1536w, https:\/\/diariodeestilo.es\/wp-content\/uploads\/2022\/03\/ANNA-CORTINA-5-JorgeVazquez_005-2048x1365.jpg 2048w, https:\/\/diariodeestilo.es\/wp-content\/uploads\/2022\/03\/ANNA-CORTINA-5-JorgeVazquez_005-1140x760.jpg 1140w, https:\/\/diariodeestilo.es\/wp-content\/uploads\/2022\/03\/ANNA-CORTINA-5-JorgeVazquez_005-1920x1280.jpg 1920w\" sizes=\"(max-width: 2560px) 100vw, 2560px\" \/><\/figure>\n\n\n\n<figure class=\"wp-block-image size-full\"><img decoding=\"async\" loading=\"lazy\" width=\"1600\" height=\"2400\" src=\"https:\/\/diariodeestilo.es\/wp-content\/uploads\/2022\/03\/ANNA-CORTINA-2-JorgeVazquez_001.jpg\" alt=\"\" class=\"wp-image-46873\" srcset=\"https:\/\/diariodeestilo.es\/wp-content\/uploads\/2022\/03\/ANNA-CORTINA-2-JorgeVazquez_001.jpg 1600w, https:\/\/diariodeestilo.es\/wp-content\/uploads\/2022\/03\/ANNA-CORTINA-2-JorgeVazquez_001-200x300.jpg 200w, https:\/\/diariodeestilo.es\/wp-content\/uploads\/2022\/03\/ANNA-CORTINA-2-JorgeVazquez_001-683x1024.jpg 683w, https:\/\/diariodeestilo.es\/wp-content\/uploads\/2022\/03\/ANNA-CORTINA-2-JorgeVazquez_001-768x1152.jpg 768w, https:\/\/diariodeestilo.es\/wp-content\/uploads\/2022\/03\/ANNA-CORTINA-2-JorgeVazquez_001-1024x1536.jpg 1024w, https:\/\/diariodeestilo.es\/wp-content\/uploads\/2022\/03\/ANNA-CORTINA-2-JorgeVazquez_001-1365x2048.jpg 1365w, https:\/\/diariodeestilo.es\/wp-content\/uploads\/2022\/03\/ANNA-CORTINA-2-JorgeVazquez_001-1140x1710.jpg 1140w\" sizes=\"(max-width: 1600px) 100vw, 1600px\" \/><\/figure>\n\n\n\n<p>According to accessories designer Anna Cortina, \u201cpower without awareness is an atrocious weapon. The <strong>PEACE bag<\/strong> reflects our deepest wish, peace for the Ukrainian people, and vindicates the most important fundamental right, the right to life. These are times to help and review values, everything else is less big of a deal.\u201d.<\/p>\n\n\n\n<p>The brand will donate a percentage of the sales to the <strong>charity UNHCR<\/strong>, which works for aid in the humanitarian crisis brought on by the war in Ukraine. I attach the link to those interested in buying it <strong><a href=\"https:\/\/www.annacortina.com\/en\/products\/lulu-bag-ukraine\" target=\"_blank\" rel=\"noreferrer noopener\">here<\/a><\/strong><\/p>\n\n\n\n<p><strong>Anna Cortina<\/strong>, thanks to the Galician designer, presented a collection of hand-painted bags by Philippe Boonen, one of the most experienced artists in Anna Cortina\u2019s <em>portfolio<\/em> of #ArtMeetsFashion, inspired by the main prints in the collection making up 11 iconic pieces. A unique proposal, full of colour, style and strength, impregnating <strong>Jorge V\u00e1zquez<\/strong> with his universe full of metaphors and imagination, meaning each bag tells a unique story.<\/p>\n\n\n\n<figure class=\"wp-block-image size-full\"><img decoding=\"async\" loading=\"lazy\" width=\"1600\" height=\"2401\" src=\"https:\/\/diariodeestilo.es\/wp-content\/uploads\/2022\/03\/ANNA-CORTINA-6-JorgeVazquez_007.jpg\" alt=\"\" class=\"wp-image-46881\" srcset=\"https:\/\/diariodeestilo.es\/wp-content\/uploads\/2022\/03\/ANNA-CORTINA-6-JorgeVazquez_007.jpg 1600w, https:\/\/diariodeestilo.es\/wp-content\/uploads\/2022\/03\/ANNA-CORTINA-6-JorgeVazquez_007-200x300.jpg 200w, https:\/\/diariodeestilo.es\/wp-content\/uploads\/2022\/03\/ANNA-CORTINA-6-JorgeVazquez_007-682x1024.jpg 682w, https:\/\/diariodeestilo.es\/wp-content\/uploads\/2022\/03\/ANNA-CORTINA-6-JorgeVazquez_007-768x1152.jpg 768w, https:\/\/diariodeestilo.es\/wp-content\/uploads\/2022\/03\/ANNA-CORTINA-6-JorgeVazquez_007-1024x1536.jpg 1024w, https:\/\/diariodeestilo.es\/wp-content\/uploads\/2022\/03\/ANNA-CORTINA-6-JorgeVazquez_007-1365x2048.jpg 1365w, https:\/\/diariodeestilo.es\/wp-content\/uploads\/2022\/03\/ANNA-CORTINA-6-JorgeVazquez_007-1140x1711.jpg 1140w\" sizes=\"(max-width: 1600px) 100vw, 1600px\" \/><\/figure>\n\n\n\n<figure class=\"wp-block-image size-full\"><img decoding=\"async\" loading=\"lazy\" width=\"1600\" height=\"2400\" src=\"https:\/\/diariodeestilo.es\/wp-content\/uploads\/2022\/03\/ANNA-CORTINA-7-JorgeVazquez_010.jpg\" alt=\"\" class=\"wp-image-46883\" srcset=\"https:\/\/diariodeestilo.es\/wp-content\/uploads\/2022\/03\/ANNA-CORTINA-7-JorgeVazquez_010.jpg 1600w, https:\/\/diariodeestilo.es\/wp-content\/uploads\/2022\/03\/ANNA-CORTINA-7-JorgeVazquez_010-200x300.jpg 200w, https:\/\/diariodeestilo.es\/wp-content\/uploads\/2022\/03\/ANNA-CORTINA-7-JorgeVazquez_010-683x1024.jpg 683w, https:\/\/diariodeestilo.es\/wp-content\/uploads\/2022\/03\/ANNA-CORTINA-7-JorgeVazquez_010-768x1152.jpg 768w, https:\/\/diariodeestilo.es\/wp-content\/uploads\/2022\/03\/ANNA-CORTINA-7-JorgeVazquez_010-1024x1536.jpg 1024w, https:\/\/diariodeestilo.es\/wp-content\/uploads\/2022\/03\/ANNA-CORTINA-7-JorgeVazquez_010-1365x2048.jpg 1365w, https:\/\/diariodeestilo.es\/wp-content\/uploads\/2022\/03\/ANNA-CORTINA-7-JorgeVazquez_010-1140x1710.jpg 1140w\" sizes=\"(max-width: 1600px) 100vw, 1600px\" \/><\/figure>\n\n\n\n<figure class=\"wp-block-image size-full\"><img decoding=\"async\" loading=\"lazy\" width=\"1600\" height=\"2400\" src=\"https:\/\/diariodeestilo.es\/wp-content\/uploads\/2022\/03\/ANNA-CORTINA-8-JorgeVazquez_010.jpg\" alt=\"\" class=\"wp-image-46885\" srcset=\"https:\/\/diariodeestilo.es\/wp-content\/uploads\/2022\/03\/ANNA-CORTINA-8-JorgeVazquez_010.jpg 1600w, https:\/\/diariodeestilo.es\/wp-content\/uploads\/2022\/03\/ANNA-CORTINA-8-JorgeVazquez_010-200x300.jpg 200w, https:\/\/diariodeestilo.es\/wp-content\/uploads\/2022\/03\/ANNA-CORTINA-8-JorgeVazquez_010-683x1024.jpg 683w, https:\/\/diariodeestilo.es\/wp-content\/uploads\/2022\/03\/ANNA-CORTINA-8-JorgeVazquez_010-768x1152.jpg 768w, https:\/\/diariodeestilo.es\/wp-content\/uploads\/2022\/03\/ANNA-CORTINA-8-JorgeVazquez_010-1024x1536.jpg 1024w, https:\/\/diariodeestilo.es\/wp-content\/uploads\/2022\/03\/ANNA-CORTINA-8-JorgeVazquez_010-1365x2048.jpg 1365w, https:\/\/diariodeestilo.es\/wp-content\/uploads\/2022\/03\/ANNA-CORTINA-8-JorgeVazquez_010-1140x1710.jpg 1140w\" sizes=\"(max-width: 1600px) 100vw, 1600px\" \/><\/figure>\n\n\n\n<figure class=\"wp-block-image size-full\"><img decoding=\"async\" loading=\"lazy\" width=\"1600\" height=\"2400\" src=\"https:\/\/diariodeestilo.es\/wp-content\/uploads\/2022\/03\/ANNA-CORTINA-9-JorgeVazquez_010.jpg\" alt=\"\" class=\"wp-image-46887\" srcset=\"https:\/\/diariodeestilo.es\/wp-content\/uploads\/2022\/03\/ANNA-CORTINA-9-JorgeVazquez_010.jpg 1600w, https:\/\/diariodeestilo.es\/wp-content\/uploads\/2022\/03\/ANNA-CORTINA-9-JorgeVazquez_010-200x300.jpg 200w, https:\/\/diariodeestilo.es\/wp-content\/uploads\/2022\/03\/ANNA-CORTINA-9-JorgeVazquez_010-683x1024.jpg 683w, https:\/\/diariodeestilo.es\/wp-content\/uploads\/2022\/03\/ANNA-CORTINA-9-JorgeVazquez_010-768x1152.jpg 768w, https:\/\/diariodeestilo.es\/wp-content\/uploads\/2022\/03\/ANNA-CORTINA-9-JorgeVazquez_010-1024x1536.jpg 1024w, https:\/\/diariodeestilo.es\/wp-content\/uploads\/2022\/03\/ANNA-CORTINA-9-JorgeVazquez_010-1365x2048.jpg 1365w, https:\/\/diariodeestilo.es\/wp-content\/uploads\/2022\/03\/ANNA-CORTINA-9-JorgeVazquez_010-1140x1710.jpg 1140w\" sizes=\"(max-width: 1600px) 100vw, 1600px\" \/><\/figure>\n\n\n\n<figure class=\"wp-block-image size-full\"><img decoding=\"async\" loading=\"lazy\" width=\"1600\" height=\"2400\" src=\"https:\/\/diariodeestilo.es\/wp-content\/uploads\/2022\/03\/ANNA-CORTINA-10-JorgeVazquez_010.jpg\" alt=\"\" class=\"wp-image-46889\" srcset=\"https:\/\/diariodeestilo.es\/wp-content\/uploads\/2022\/03\/ANNA-CORTINA-10-JorgeVazquez_010.jpg 1600w, https:\/\/diariodeestilo.es\/wp-content\/uploads\/2022\/03\/ANNA-CORTINA-10-JorgeVazquez_010-200x300.jpg 200w, https:\/\/diariodeestilo.es\/wp-content\/uploads\/2022\/03\/ANNA-CORTINA-10-JorgeVazquez_010-683x1024.jpg 683w, https:\/\/diariodeestilo.es\/wp-content\/uploads\/2022\/03\/ANNA-CORTINA-10-JorgeVazquez_010-768x1152.jpg 768w, https:\/\/diariodeestilo.es\/wp-content\/uploads\/2022\/03\/ANNA-CORTINA-10-JorgeVazquez_010-1024x1536.jpg 1024w, https:\/\/diariodeestilo.es\/wp-content\/uploads\/2022\/03\/ANNA-CORTINA-10-JorgeVazquez_010-1365x2048.jpg 1365w, https:\/\/diariodeestilo.es\/wp-content\/uploads\/2022\/03\/ANNA-CORTINA-10-JorgeVazquez_010-1140x1710.jpg 1140w\" sizes=\"(max-width: 1600px) 100vw, 1600px\" \/><\/figure>\n\n\n\n<figure class=\"wp-block-image size-full\"><img decoding=\"async\" loading=\"lazy\" width=\"1600\" height=\"2400\" src=\"https:\/\/diariodeestilo.es\/wp-content\/uploads\/2022\/03\/ANNA-CORTINA-11-JorgeVazquez_010.jpg\" alt=\"\" class=\"wp-image-46891\" srcset=\"https:\/\/diariodeestilo.es\/wp-content\/uploads\/2022\/03\/ANNA-CORTINA-11-JorgeVazquez_010.jpg 1600w, https:\/\/diariodeestilo.es\/wp-content\/uploads\/2022\/03\/ANNA-CORTINA-11-JorgeVazquez_010-200x300.jpg 200w, https:\/\/diariodeestilo.es\/wp-content\/uploads\/2022\/03\/ANNA-CORTINA-11-JorgeVazquez_010-683x1024.jpg 683w, https:\/\/diariodeestilo.es\/wp-content\/uploads\/2022\/03\/ANNA-CORTINA-11-JorgeVazquez_010-768x1152.jpg 768w, https:\/\/diariodeestilo.es\/wp-content\/uploads\/2022\/03\/ANNA-CORTINA-11-JorgeVazquez_010-1024x1536.jpg 1024w, https:\/\/diariodeestilo.es\/wp-content\/uploads\/2022\/03\/ANNA-CORTINA-11-JorgeVazquez_010-1365x2048.jpg 1365w, https:\/\/diariodeestilo.es\/wp-content\/uploads\/2022\/03\/ANNA-CORTINA-11-JorgeVazquez_010-1140x1710.jpg 1140w\" sizes=\"(max-width: 1600px) 100vw, 1600px\" \/><\/figure>\n\n\n\n<p>The new collection by Jorge V\u00e1zquez goes on a tour of Spain in the 70s and stops at the nights of the Chicote Museum, those eternal nights in which appearances and &#8220;<em>glamour<\/em>&#8221; had a place to sit at the bar, where myths of classic Hollywood alternated with the &#8220;<em>cr\u00e8me de la cr\u00e8me<\/em>&#8221; homeland; bullfighters, aristocrats, writers, artists&#8230; All of them came to Museo Chicote not only for what they drank, but also for how it made them feel.<\/p>\n\n\n\n<figure class=\"wp-block-image size-full\"><img decoding=\"async\" loading=\"lazy\" width=\"1600\" height=\"2400\" src=\"https:\/\/diariodeestilo.es\/wp-content\/uploads\/2022\/03\/ANNA-CORTINA-14-JorgeVazquez_010.jpg\" alt=\"\" class=\"wp-image-46893\" srcset=\"https:\/\/diariodeestilo.es\/wp-content\/uploads\/2022\/03\/ANNA-CORTINA-14-JorgeVazquez_010.jpg 1600w, https:\/\/diariodeestilo.es\/wp-content\/uploads\/2022\/03\/ANNA-CORTINA-14-JorgeVazquez_010-200x300.jpg 200w, https:\/\/diariodeestilo.es\/wp-content\/uploads\/2022\/03\/ANNA-CORTINA-14-JorgeVazquez_010-683x1024.jpg 683w, https:\/\/diariodeestilo.es\/wp-content\/uploads\/2022\/03\/ANNA-CORTINA-14-JorgeVazquez_010-768x1152.jpg 768w, https:\/\/diariodeestilo.es\/wp-content\/uploads\/2022\/03\/ANNA-CORTINA-14-JorgeVazquez_010-1024x1536.jpg 1024w, https:\/\/diariodeestilo.es\/wp-content\/uploads\/2022\/03\/ANNA-CORTINA-14-JorgeVazquez_010-1365x2048.jpg 1365w, https:\/\/diariodeestilo.es\/wp-content\/uploads\/2022\/03\/ANNA-CORTINA-14-JorgeVazquez_010-1140x1710.jpg 1140w\" sizes=\"(max-width: 1600px) 100vw, 1600px\" \/><\/figure>\n\n\n\n<figure class=\"wp-block-image size-full\"><img decoding=\"async\" loading=\"lazy\" width=\"1600\" height=\"2400\" src=\"https:\/\/diariodeestilo.es\/wp-content\/uploads\/2022\/03\/ANNA-CORTINA-13-JorgeVazquez_010.jpg\" alt=\"\" class=\"wp-image-46895\" srcset=\"https:\/\/diariodeestilo.es\/wp-content\/uploads\/2022\/03\/ANNA-CORTINA-13-JorgeVazquez_010.jpg 1600w, https:\/\/diariodeestilo.es\/wp-content\/uploads\/2022\/03\/ANNA-CORTINA-13-JorgeVazquez_010-200x300.jpg 200w, https:\/\/diariodeestilo.es\/wp-content\/uploads\/2022\/03\/ANNA-CORTINA-13-JorgeVazquez_010-683x1024.jpg 683w, https:\/\/diariodeestilo.es\/wp-content\/uploads\/2022\/03\/ANNA-CORTINA-13-JorgeVazquez_010-768x1152.jpg 768w, https:\/\/diariodeestilo.es\/wp-content\/uploads\/2022\/03\/ANNA-CORTINA-13-JorgeVazquez_010-1024x1536.jpg 1024w, https:\/\/diariodeestilo.es\/wp-content\/uploads\/2022\/03\/ANNA-CORTINA-13-JorgeVazquez_010-1365x2048.jpg 1365w, https:\/\/diariodeestilo.es\/wp-content\/uploads\/2022\/03\/ANNA-CORTINA-13-JorgeVazquez_010-1140x1710.jpg 1140w\" sizes=\"(max-width: 1600px) 100vw, 1600px\" \/><\/figure>\n\n\n\n<figure class=\"wp-block-image size-full\"><img decoding=\"async\" loading=\"lazy\" width=\"1600\" height=\"2400\" src=\"https:\/\/diariodeestilo.es\/wp-content\/uploads\/2022\/03\/ANNA-CORTINA-15-JorgeVazquez_010.jpg\" alt=\"\" class=\"wp-image-46897\" srcset=\"https:\/\/diariodeestilo.es\/wp-content\/uploads\/2022\/03\/ANNA-CORTINA-15-JorgeVazquez_010.jpg 1600w, https:\/\/diariodeestilo.es\/wp-content\/uploads\/2022\/03\/ANNA-CORTINA-15-JorgeVazquez_010-200x300.jpg 200w, https:\/\/diariodeestilo.es\/wp-content\/uploads\/2022\/03\/ANNA-CORTINA-15-JorgeVazquez_010-683x1024.jpg 683w, https:\/\/diariodeestilo.es\/wp-content\/uploads\/2022\/03\/ANNA-CORTINA-15-JorgeVazquez_010-768x1152.jpg 768w, https:\/\/diariodeestilo.es\/wp-content\/uploads\/2022\/03\/ANNA-CORTINA-15-JorgeVazquez_010-1024x1536.jpg 1024w, https:\/\/diariodeestilo.es\/wp-content\/uploads\/2022\/03\/ANNA-CORTINA-15-JorgeVazquez_010-1365x2048.jpg 1365w, https:\/\/diariodeestilo.es\/wp-content\/uploads\/2022\/03\/ANNA-CORTINA-15-JorgeVazquez_010-1140x1710.jpg 1140w\" sizes=\"(max-width: 1600px) 100vw, 1600px\" \/><\/figure>\n\n\n\n<figure class=\"wp-block-image size-full\"><img decoding=\"async\" loading=\"lazy\" width=\"1600\" height=\"2400\" src=\"https:\/\/diariodeestilo.es\/wp-content\/uploads\/2022\/03\/ANNA-CORTINA-16-JorgeVazquez_010.jpg\" alt=\"\" class=\"wp-image-46899\" srcset=\"https:\/\/diariodeestilo.es\/wp-content\/uploads\/2022\/03\/ANNA-CORTINA-16-JorgeVazquez_010.jpg 1600w, https:\/\/diariodeestilo.es\/wp-content\/uploads\/2022\/03\/ANNA-CORTINA-16-JorgeVazquez_010-200x300.jpg 200w, https:\/\/diariodeestilo.es\/wp-content\/uploads\/2022\/03\/ANNA-CORTINA-16-JorgeVazquez_010-683x1024.jpg 683w, https:\/\/diariodeestilo.es\/wp-content\/uploads\/2022\/03\/ANNA-CORTINA-16-JorgeVazquez_010-768x1152.jpg 768w, https:\/\/diariodeestilo.es\/wp-content\/uploads\/2022\/03\/ANNA-CORTINA-16-JorgeVazquez_010-1024x1536.jpg 1024w, https:\/\/diariodeestilo.es\/wp-content\/uploads\/2022\/03\/ANNA-CORTINA-16-JorgeVazquez_010-1365x2048.jpg 1365w, https:\/\/diariodeestilo.es\/wp-content\/uploads\/2022\/03\/ANNA-CORTINA-16-JorgeVazquez_010-1140x1710.jpg 1140w\" sizes=\"(max-width: 1600px) 100vw, 1600px\" \/><\/figure>\n\n\n\n<p>The collection has materialised through fluid, flowing, light silhouettes; it is going for draping, items of clothing that are all seem to show off the waist, but have touches of volume. Strong tones are the stars of the show: oranges, fuchsias, purples, and lime greens, which are taking a break from the black and white of the time. As well as the prints: floral \u2013a classic by the fashion house\u2013, hearts and the characteristic &#8220;paisley&#8221; with certain &#8220;hippie&#8221; throwbacks. True to his style, V\u00e1zquez enriches his designs with crystal and silk flowers, jewel bows, feathers, and touches of fur in cuffs that are adorned with fox fur. A song to sophistication.<\/p>\n\n\n\n<figure class=\"wp-block-image size-full\"><img decoding=\"async\" loading=\"lazy\" width=\"1600\" height=\"2400\" src=\"https:\/\/diariodeestilo.es\/wp-content\/uploads\/2022\/03\/ANNA-CORTINA-18-JorgeVazquez_010.jpg\" alt=\"\" class=\"wp-image-46903\" srcset=\"https:\/\/diariodeestilo.es\/wp-content\/uploads\/2022\/03\/ANNA-CORTINA-18-JorgeVazquez_010.jpg 1600w, https:\/\/diariodeestilo.es\/wp-content\/uploads\/2022\/03\/ANNA-CORTINA-18-JorgeVazquez_010-200x300.jpg 200w, https:\/\/diariodeestilo.es\/wp-content\/uploads\/2022\/03\/ANNA-CORTINA-18-JorgeVazquez_010-683x1024.jpg 683w, https:\/\/diariodeestilo.es\/wp-content\/uploads\/2022\/03\/ANNA-CORTINA-18-JorgeVazquez_010-768x1152.jpg 768w, https:\/\/diariodeestilo.es\/wp-content\/uploads\/2022\/03\/ANNA-CORTINA-18-JorgeVazquez_010-1024x1536.jpg 1024w, https:\/\/diariodeestilo.es\/wp-content\/uploads\/2022\/03\/ANNA-CORTINA-18-JorgeVazquez_010-1365x2048.jpg 1365w, https:\/\/diariodeestilo.es\/wp-content\/uploads\/2022\/03\/ANNA-CORTINA-18-JorgeVazquez_010-1140x1710.jpg 1140w\" sizes=\"(max-width: 1600px) 100vw, 1600px\" \/><\/figure>\n\n\n\n<figure class=\"wp-block-image size-full\"><img decoding=\"async\" loading=\"lazy\" width=\"1707\" height=\"2560\" src=\"https:\/\/diariodeestilo.es\/wp-content\/uploads\/2022\/03\/JorgeVazquez_049-scaled.jpg\" alt=\"\" class=\"wp-image-46905\" srcset=\"https:\/\/diariodeestilo.es\/wp-content\/uploads\/2022\/03\/JorgeVazquez_049-scaled.jpg 1707w, https:\/\/diariodeestilo.es\/wp-content\/uploads\/2022\/03\/JorgeVazquez_049-200x300.jpg 200w, https:\/\/diariodeestilo.es\/wp-content\/uploads\/2022\/03\/JorgeVazquez_049-683x1024.jpg 683w, https:\/\/diariodeestilo.es\/wp-content\/uploads\/2022\/03\/JorgeVazquez_049-768x1152.jpg 768w, https:\/\/diariodeestilo.es\/wp-content\/uploads\/2022\/03\/JorgeVazquez_049-1024x1536.jpg 1024w, https:\/\/diariodeestilo.es\/wp-content\/uploads\/2022\/03\/JorgeVazquez_049-1365x2048.jpg 1365w, https:\/\/diariodeestilo.es\/wp-content\/uploads\/2022\/03\/JorgeVazquez_049-1140x1710.jpg 1140w, https:\/\/diariodeestilo.es\/wp-content\/uploads\/2022\/03\/JorgeVazquez_049-1920x2880.jpg 1920w\" sizes=\"(max-width: 1707px) 100vw, 1707px\" \/><\/figure>\n\n\n\n<figure class=\"wp-block-image size-full\"><img decoding=\"async\" loading=\"lazy\" width=\"1600\" height=\"2400\" src=\"https:\/\/diariodeestilo.es\/wp-content\/uploads\/2022\/03\/ANNA-CORTINA-20-JorgeVazquez_010.jpg\" alt=\"\" class=\"wp-image-46907\" srcset=\"https:\/\/diariodeestilo.es\/wp-content\/uploads\/2022\/03\/ANNA-CORTINA-20-JorgeVazquez_010.jpg 1600w, https:\/\/diariodeestilo.es\/wp-content\/uploads\/2022\/03\/ANNA-CORTINA-20-JorgeVazquez_010-200x300.jpg 200w, https:\/\/diariodeestilo.es\/wp-content\/uploads\/2022\/03\/ANNA-CORTINA-20-JorgeVazquez_010-683x1024.jpg 683w, https:\/\/diariodeestilo.es\/wp-content\/uploads\/2022\/03\/ANNA-CORTINA-20-JorgeVazquez_010-768x1152.jpg 768w, https:\/\/diariodeestilo.es\/wp-content\/uploads\/2022\/03\/ANNA-CORTINA-20-JorgeVazquez_010-1024x1536.jpg 1024w, https:\/\/diariodeestilo.es\/wp-content\/uploads\/2022\/03\/ANNA-CORTINA-20-JorgeVazquez_010-1365x2048.jpg 1365w, https:\/\/diariodeestilo.es\/wp-content\/uploads\/2022\/03\/ANNA-CORTINA-20-JorgeVazquez_010-1140x1710.jpg 1140w\" sizes=\"(max-width: 1600px) 100vw, 1600px\" \/><\/figure>\n\n\n\n<figure class=\"wp-block-image size-full\"><img decoding=\"async\" loading=\"lazy\" width=\"1600\" height=\"2400\" src=\"https:\/\/diariodeestilo.es\/wp-content\/uploads\/2022\/03\/ANNA-CORTINA-21-JorgeVazquez_010.jpg\" alt=\"\" class=\"wp-image-46909\" srcset=\"https:\/\/diariodeestilo.es\/wp-content\/uploads\/2022\/03\/ANNA-CORTINA-21-JorgeVazquez_010.jpg 1600w, https:\/\/diariodeestilo.es\/wp-content\/uploads\/2022\/03\/ANNA-CORTINA-21-JorgeVazquez_010-200x300.jpg 200w, https:\/\/diariodeestilo.es\/wp-content\/uploads\/2022\/03\/ANNA-CORTINA-21-JorgeVazquez_010-683x1024.jpg 683w, https:\/\/diariodeestilo.es\/wp-content\/uploads\/2022\/03\/ANNA-CORTINA-21-JorgeVazquez_010-768x1152.jpg 768w, https:\/\/diariodeestilo.es\/wp-content\/uploads\/2022\/03\/ANNA-CORTINA-21-JorgeVazquez_010-1024x1536.jpg 1024w, https:\/\/diariodeestilo.es\/wp-content\/uploads\/2022\/03\/ANNA-CORTINA-21-JorgeVazquez_010-1365x2048.jpg 1365w, https:\/\/diariodeestilo.es\/wp-content\/uploads\/2022\/03\/ANNA-CORTINA-21-JorgeVazquez_010-1140x1710.jpg 1140w\" sizes=\"(max-width: 1600px) 100vw, 1600px\" \/><\/figure>\n\n\n\n<figure class=\"wp-block-image size-full\"><img decoding=\"async\" loading=\"lazy\" width=\"1600\" height=\"2400\" src=\"https:\/\/diariodeestilo.es\/wp-content\/uploads\/2022\/03\/ANNA-CORTINA-22-JorgeVazquez_010.jpg\" alt=\"\" class=\"wp-image-46911\" srcset=\"https:\/\/diariodeestilo.es\/wp-content\/uploads\/2022\/03\/ANNA-CORTINA-22-JorgeVazquez_010.jpg 1600w, https:\/\/diariodeestilo.es\/wp-content\/uploads\/2022\/03\/ANNA-CORTINA-22-JorgeVazquez_010-200x300.jpg 200w, https:\/\/diariodeestilo.es\/wp-content\/uploads\/2022\/03\/ANNA-CORTINA-22-JorgeVazquez_010-683x1024.jpg 683w, https:\/\/diariodeestilo.es\/wp-content\/uploads\/2022\/03\/ANNA-CORTINA-22-JorgeVazquez_010-768x1152.jpg 768w, https:\/\/diariodeestilo.es\/wp-content\/uploads\/2022\/03\/ANNA-CORTINA-22-JorgeVazquez_010-1024x1536.jpg 1024w, https:\/\/diariodeestilo.es\/wp-content\/uploads\/2022\/03\/ANNA-CORTINA-22-JorgeVazquez_010-1365x2048.jpg 1365w, https:\/\/diariodeestilo.es\/wp-content\/uploads\/2022\/03\/ANNA-CORTINA-22-JorgeVazquez_010-1140x1710.jpg 1140w\" sizes=\"(max-width: 1600px) 100vw, 1600px\" \/><\/figure>\n\n\n\n<figure class=\"wp-block-image size-full\"><img decoding=\"async\" loading=\"lazy\" width=\"1600\" height=\"2400\" src=\"https:\/\/diariodeestilo.es\/wp-content\/uploads\/2022\/03\/ANNA-CORTINA-23-JorgeVazquez_010.jpg\" alt=\"\" class=\"wp-image-46913\" srcset=\"https:\/\/diariodeestilo.es\/wp-content\/uploads\/2022\/03\/ANNA-CORTINA-23-JorgeVazquez_010.jpg 1600w, https:\/\/diariodeestilo.es\/wp-content\/uploads\/2022\/03\/ANNA-CORTINA-23-JorgeVazquez_010-200x300.jpg 200w, https:\/\/diariodeestilo.es\/wp-content\/uploads\/2022\/03\/ANNA-CORTINA-23-JorgeVazquez_010-683x1024.jpg 683w, https:\/\/diariodeestilo.es\/wp-content\/uploads\/2022\/03\/ANNA-CORTINA-23-JorgeVazquez_010-768x1152.jpg 768w, https:\/\/diariodeestilo.es\/wp-content\/uploads\/2022\/03\/ANNA-CORTINA-23-JorgeVazquez_010-1024x1536.jpg 1024w, https:\/\/diariodeestilo.es\/wp-content\/uploads\/2022\/03\/ANNA-CORTINA-23-JorgeVazquez_010-1365x2048.jpg 1365w, https:\/\/diariodeestilo.es\/wp-content\/uploads\/2022\/03\/ANNA-CORTINA-23-JorgeVazquez_010-1140x1710.jpg 1140w\" sizes=\"(max-width: 1600px) 100vw, 1600px\" \/><\/figure>\n\n\n\n<p>As far as the fabrics are concerned, velvets, tweed, printed muslins, sequins, lace and silks are present. Special mention to the Peruvian alpaca wool that, thanks to the collaboration with Promper\u00fa, are being used in the manufacture of outerwear and knitwear with 70s aesthetic and ethnic touches.<\/p>\n\n\n\n<figure class=\"wp-block-image size-full\"><img decoding=\"async\" loading=\"lazy\" width=\"1600\" height=\"2400\" src=\"https:\/\/diariodeestilo.es\/wp-content\/uploads\/2022\/03\/ANNA-CORTINA-24-JorgeVazquez_010.jpg\" alt=\"\" class=\"wp-image-46915\" srcset=\"https:\/\/diariodeestilo.es\/wp-content\/uploads\/2022\/03\/ANNA-CORTINA-24-JorgeVazquez_010.jpg 1600w, https:\/\/diariodeestilo.es\/wp-content\/uploads\/2022\/03\/ANNA-CORTINA-24-JorgeVazquez_010-200x300.jpg 200w, https:\/\/diariodeestilo.es\/wp-content\/uploads\/2022\/03\/ANNA-CORTINA-24-JorgeVazquez_010-683x1024.jpg 683w, https:\/\/diariodeestilo.es\/wp-content\/uploads\/2022\/03\/ANNA-CORTINA-24-JorgeVazquez_010-768x1152.jpg 768w, https:\/\/diariodeestilo.es\/wp-content\/uploads\/2022\/03\/ANNA-CORTINA-24-JorgeVazquez_010-1024x1536.jpg 1024w, https:\/\/diariodeestilo.es\/wp-content\/uploads\/2022\/03\/ANNA-CORTINA-24-JorgeVazquez_010-1365x2048.jpg 1365w, https:\/\/diariodeestilo.es\/wp-content\/uploads\/2022\/03\/ANNA-CORTINA-24-JorgeVazquez_010-1140x1710.jpg 1140w\" sizes=\"(max-width: 1600px) 100vw, 1600px\" \/><\/figure>\n\n\n\n<figure class=\"wp-block-image size-full\"><img decoding=\"async\" loading=\"lazy\" width=\"1600\" height=\"2400\" src=\"https:\/\/diariodeestilo.es\/wp-content\/uploads\/2022\/03\/ANNA-CORTINA-25-JorgeVazquez_010.jpg\" alt=\"\" class=\"wp-image-46917\" srcset=\"https:\/\/diariodeestilo.es\/wp-content\/uploads\/2022\/03\/ANNA-CORTINA-25-JorgeVazquez_010.jpg 1600w, https:\/\/diariodeestilo.es\/wp-content\/uploads\/2022\/03\/ANNA-CORTINA-25-JorgeVazquez_010-200x300.jpg 200w, https:\/\/diariodeestilo.es\/wp-content\/uploads\/2022\/03\/ANNA-CORTINA-25-JorgeVazquez_010-683x1024.jpg 683w, https:\/\/diariodeestilo.es\/wp-content\/uploads\/2022\/03\/ANNA-CORTINA-25-JorgeVazquez_010-768x1152.jpg 768w, https:\/\/diariodeestilo.es\/wp-content\/uploads\/2022\/03\/ANNA-CORTINA-25-JorgeVazquez_010-1024x1536.jpg 1024w, https:\/\/diariodeestilo.es\/wp-content\/uploads\/2022\/03\/ANNA-CORTINA-25-JorgeVazquez_010-1365x2048.jpg 1365w, https:\/\/diariodeestilo.es\/wp-content\/uploads\/2022\/03\/ANNA-CORTINA-25-JorgeVazquez_010-1140x1710.jpg 1140w\" sizes=\"(max-width: 1600px) 100vw, 1600px\" \/><\/figure>\n\n\n\n<figure class=\"wp-block-image size-full\"><img decoding=\"async\" loading=\"lazy\" width=\"1600\" height=\"2400\" src=\"https:\/\/diariodeestilo.es\/wp-content\/uploads\/2022\/03\/ANNA-CORTINA-26-JorgeVazquez_010.jpg\" alt=\"\" class=\"wp-image-46919\" srcset=\"https:\/\/diariodeestilo.es\/wp-content\/uploads\/2022\/03\/ANNA-CORTINA-26-JorgeVazquez_010.jpg 1600w, https:\/\/diariodeestilo.es\/wp-content\/uploads\/2022\/03\/ANNA-CORTINA-26-JorgeVazquez_010-200x300.jpg 200w, https:\/\/diariodeestilo.es\/wp-content\/uploads\/2022\/03\/ANNA-CORTINA-26-JorgeVazquez_010-683x1024.jpg 683w, https:\/\/diariodeestilo.es\/wp-content\/uploads\/2022\/03\/ANNA-CORTINA-26-JorgeVazquez_010-768x1152.jpg 768w, https:\/\/diariodeestilo.es\/wp-content\/uploads\/2022\/03\/ANNA-CORTINA-26-JorgeVazquez_010-1024x1536.jpg 1024w, https:\/\/diariodeestilo.es\/wp-content\/uploads\/2022\/03\/ANNA-CORTINA-26-JorgeVazquez_010-1365x2048.jpg 1365w, https:\/\/diariodeestilo.es\/wp-content\/uploads\/2022\/03\/ANNA-CORTINA-26-JorgeVazquez_010-1140x1710.jpg 1140w\" sizes=\"(max-width: 1600px) 100vw, 1600px\" \/><\/figure>\n\n\n\n<figure class=\"wp-block-image size-full\"><img decoding=\"async\" loading=\"lazy\" width=\"1600\" height=\"2400\" src=\"https:\/\/diariodeestilo.es\/wp-content\/uploads\/2022\/03\/ANNA-CORTINA-27-JorgeVazquez_010.jpg\" alt=\"\" class=\"wp-image-46921\" srcset=\"https:\/\/diariodeestilo.es\/wp-content\/uploads\/2022\/03\/ANNA-CORTINA-27-JorgeVazquez_010.jpg 1600w, https:\/\/diariodeestilo.es\/wp-content\/uploads\/2022\/03\/ANNA-CORTINA-27-JorgeVazquez_010-200x300.jpg 200w, https:\/\/diariodeestilo.es\/wp-content\/uploads\/2022\/03\/ANNA-CORTINA-27-JorgeVazquez_010-683x1024.jpg 683w, https:\/\/diariodeestilo.es\/wp-content\/uploads\/2022\/03\/ANNA-CORTINA-27-JorgeVazquez_010-768x1152.jpg 768w, https:\/\/diariodeestilo.es\/wp-content\/uploads\/2022\/03\/ANNA-CORTINA-27-JorgeVazquez_010-1024x1536.jpg 1024w, https:\/\/diariodeestilo.es\/wp-content\/uploads\/2022\/03\/ANNA-CORTINA-27-JorgeVazquez_010-1365x2048.jpg 1365w, https:\/\/diariodeestilo.es\/wp-content\/uploads\/2022\/03\/ANNA-CORTINA-27-JorgeVazquez_010-1140x1710.jpg 1140w\" sizes=\"(max-width: 1600px) 100vw, 1600px\" \/><\/figure>\n\n\n\n<figure class=\"wp-block-image size-full\"><img decoding=\"async\" loading=\"lazy\" width=\"1600\" height=\"2400\" src=\"https:\/\/diariodeestilo.es\/wp-content\/uploads\/2022\/03\/ANNA-CORTINA-28-JorgeVazquez_010.jpg\" alt=\"\" class=\"wp-image-46923\" srcset=\"https:\/\/diariodeestilo.es\/wp-content\/uploads\/2022\/03\/ANNA-CORTINA-28-JorgeVazquez_010.jpg 1600w, https:\/\/diariodeestilo.es\/wp-content\/uploads\/2022\/03\/ANNA-CORTINA-28-JorgeVazquez_010-200x300.jpg 200w, https:\/\/diariodeestilo.es\/wp-content\/uploads\/2022\/03\/ANNA-CORTINA-28-JorgeVazquez_010-683x1024.jpg 683w, https:\/\/diariodeestilo.es\/wp-content\/uploads\/2022\/03\/ANNA-CORTINA-28-JorgeVazquez_010-768x1152.jpg 768w, https:\/\/diariodeestilo.es\/wp-content\/uploads\/2022\/03\/ANNA-CORTINA-28-JorgeVazquez_010-1024x1536.jpg 1024w, https:\/\/diariodeestilo.es\/wp-content\/uploads\/2022\/03\/ANNA-CORTINA-28-JorgeVazquez_010-1365x2048.jpg 1365w, https:\/\/diariodeestilo.es\/wp-content\/uploads\/2022\/03\/ANNA-CORTINA-28-JorgeVazquez_010-1140x1710.jpg 1140w\" sizes=\"(max-width: 1600px) 100vw, 1600px\" \/><\/figure>\n\n\n\n<figure class=\"wp-block-image size-full\"><img decoding=\"async\" loading=\"lazy\" width=\"1600\" height=\"2400\" src=\"https:\/\/diariodeestilo.es\/wp-content\/uploads\/2022\/03\/ANNA-CORTINA-29-JorgeVazquez_010.jpg\" alt=\"\" class=\"wp-image-46925\" srcset=\"https:\/\/diariodeestilo.es\/wp-content\/uploads\/2022\/03\/ANNA-CORTINA-29-JorgeVazquez_010.jpg 1600w, https:\/\/diariodeestilo.es\/wp-content\/uploads\/2022\/03\/ANNA-CORTINA-29-JorgeVazquez_010-200x300.jpg 200w, https:\/\/diariodeestilo.es\/wp-content\/uploads\/2022\/03\/ANNA-CORTINA-29-JorgeVazquez_010-683x1024.jpg 683w, https:\/\/diariodeestilo.es\/wp-content\/uploads\/2022\/03\/ANNA-CORTINA-29-JorgeVazquez_010-768x1152.jpg 768w, https:\/\/diariodeestilo.es\/wp-content\/uploads\/2022\/03\/ANNA-CORTINA-29-JorgeVazquez_010-1024x1536.jpg 1024w, https:\/\/diariodeestilo.es\/wp-content\/uploads\/2022\/03\/ANNA-CORTINA-29-JorgeVazquez_010-1365x2048.jpg 1365w, https:\/\/diariodeestilo.es\/wp-content\/uploads\/2022\/03\/ANNA-CORTINA-29-JorgeVazquez_010-1140x1710.jpg 1140w\" sizes=\"(max-width: 1600px) 100vw, 1600px\" \/><\/figure>\n\n\n\n<p>The bags by the Barcelona brand are smartening up the looks by V\u00e1zquez\u2019s women which do not skimp on quality accessories: shopping bags, tote bags and will smarten up handmade clutch bags with top quality leather in some of them that stand out and are made by the emblematic vision of Anna Cortina.<\/p>\n\n\n\n<figure class=\"wp-block-image size-full\"><img decoding=\"async\" loading=\"lazy\" width=\"1600\" height=\"2400\" src=\"https:\/\/diariodeestilo.es\/wp-content\/uploads\/2022\/03\/ANNA-CORTINA-30-JorgeVazquez_010.jpg\" alt=\"\" class=\"wp-image-46927\" srcset=\"https:\/\/diariodeestilo.es\/wp-content\/uploads\/2022\/03\/ANNA-CORTINA-30-JorgeVazquez_010.jpg 1600w, https:\/\/diariodeestilo.es\/wp-content\/uploads\/2022\/03\/ANNA-CORTINA-30-JorgeVazquez_010-200x300.jpg 200w, https:\/\/diariodeestilo.es\/wp-content\/uploads\/2022\/03\/ANNA-CORTINA-30-JorgeVazquez_010-683x1024.jpg 683w, https:\/\/diariodeestilo.es\/wp-content\/uploads\/2022\/03\/ANNA-CORTINA-30-JorgeVazquez_010-768x1152.jpg 768w, https:\/\/diariodeestilo.es\/wp-content\/uploads\/2022\/03\/ANNA-CORTINA-30-JorgeVazquez_010-1024x1536.jpg 1024w, https:\/\/diariodeestilo.es\/wp-content\/uploads\/2022\/03\/ANNA-CORTINA-30-JorgeVazquez_010-1365x2048.jpg 1365w, https:\/\/diariodeestilo.es\/wp-content\/uploads\/2022\/03\/ANNA-CORTINA-30-JorgeVazquez_010-1140x1710.jpg 1140w\" sizes=\"(max-width: 1600px) 100vw, 1600px\" \/><\/figure>\n\n\n\n<figure class=\"wp-block-image size-full\"><img decoding=\"async\" loading=\"lazy\" width=\"1600\" height=\"2400\" src=\"https:\/\/diariodeestilo.es\/wp-content\/uploads\/2022\/03\/ANNA-CORTINA-31-JorgeVazquez_010.jpg\" alt=\"\" class=\"wp-image-46929\" srcset=\"https:\/\/diariodeestilo.es\/wp-content\/uploads\/2022\/03\/ANNA-CORTINA-31-JorgeVazquez_010.jpg 1600w, https:\/\/diariodeestilo.es\/wp-content\/uploads\/2022\/03\/ANNA-CORTINA-31-JorgeVazquez_010-200x300.jpg 200w, https:\/\/diariodeestilo.es\/wp-content\/uploads\/2022\/03\/ANNA-CORTINA-31-JorgeVazquez_010-683x1024.jpg 683w, https:\/\/diariodeestilo.es\/wp-content\/uploads\/2022\/03\/ANNA-CORTINA-31-JorgeVazquez_010-768x1152.jpg 768w, https:\/\/diariodeestilo.es\/wp-content\/uploads\/2022\/03\/ANNA-CORTINA-31-JorgeVazquez_010-1024x1536.jpg 1024w, https:\/\/diariodeestilo.es\/wp-content\/uploads\/2022\/03\/ANNA-CORTINA-31-JorgeVazquez_010-1365x2048.jpg 1365w, https:\/\/diariodeestilo.es\/wp-content\/uploads\/2022\/03\/ANNA-CORTINA-31-JorgeVazquez_010-1140x1710.jpg 1140w\" sizes=\"(max-width: 1600px) 100vw, 1600px\" \/><\/figure>\n\n\n\n<figure class=\"wp-block-image size-large\"><img decoding=\"async\" loading=\"lazy\" width=\"1024\" height=\"683\" src=\"https:\/\/diariodeestilo.es\/wp-content\/uploads\/2022\/03\/ANNA-CORTINA-32-JorgeVazquez_010-1024x683.jpg\" alt=\"\" class=\"wp-image-46931\" srcset=\"https:\/\/diariodeestilo.es\/wp-content\/uploads\/2022\/03\/ANNA-CORTINA-32-JorgeVazquez_010-1024x683.jpg 1024w, https:\/\/diariodeestilo.es\/wp-content\/uploads\/2022\/03\/ANNA-CORTINA-32-JorgeVazquez_010-300x200.jpg 300w, https:\/\/diariodeestilo.es\/wp-content\/uploads\/2022\/03\/ANNA-CORTINA-32-JorgeVazquez_010-768x512.jpg 768w, https:\/\/diariodeestilo.es\/wp-content\/uploads\/2022\/03\/ANNA-CORTINA-32-JorgeVazquez_010-1536x1024.jpg 1536w, https:\/\/diariodeestilo.es\/wp-content\/uploads\/2022\/03\/ANNA-CORTINA-32-JorgeVazquez_010-2048x1365.jpg 2048w, https:\/\/diariodeestilo.es\/wp-content\/uploads\/2022\/03\/ANNA-CORTINA-32-JorgeVazquez_010-1140x760.jpg 1140w, https:\/\/diariodeestilo.es\/wp-content\/uploads\/2022\/03\/ANNA-CORTINA-32-JorgeVazquez_010-1920x1280.jpg 1920w\" sizes=\"(max-width: 1024px) 100vw, 1024px\" \/><\/figure>\n\n\n\n<p>Open on the <strong>Anna Cortina<\/strong> website, the <strong>reservation list<\/strong> for those interested in acquiring one of the bags designed for the Autumn-Winter 2022\/2023 Pr\u00eat-\u00e1-Porter collection <strong>CASTIZO<\/strong> by <strong>Jorge V\u00e1zquez<\/strong>. You can contact by sending an e-mail to: <strong>annacortina@annacortina.com<\/strong> or by calling: 648 963 143.<\/p>\n","protected":false},"excerpt":{"rendered":"<p>Last Friday, within the framework of the MBFWM, a hand-painted yellow leather shopping bag with the word PEACE on it was the tribute to Ukraine by the handbag designer Anna Cortina and the Galician designer Jorge V\u00e1zquez, with which they pledged for the end of an unjust war. The strange moan and crying of the Flemish painting taking centre stage on the catwalk gave rise to a dramatic spectacle that evoked a deep uneasiness about the future of Ukraine due to the Russian invasion, while the Ukrainian model Samy, dressed in a yellow shirt with wide sleeves with a large flower in the same colour as an ornament on her neck, some blue high-waisted sequin-covered trousers and the PEACE bag, opened the fashion show for the Autumn-Winter 2022\/2023 &#8220;pr\u00eat-\u00e1-porter&#8221; CASTIZO collection by Jorge V\u00e1zquez, an [&hellip;]<\/p>\n","protected":false},"author":2,"featured_media":46869,"comment_status":"open","ping_status":"open","sticky":false,"template":"","format":"standard","meta":{"footnotes":""},"categories":[220],"tags":[],"yoast_head":"<!-- This site is optimized with the Yoast SEO plugin v21.1 - https:\/\/yoast.com\/wordpress\/plugins\/seo\/ -->\n<title>Anna Cortina&#039;s PEACE handbag is opening Jorge V\u00e1zquez&#039;s show at the MBFWM - Diario de Estilo<\/title>\n<meta name=\"robots\" content=\"index, follow, max-snippet:-1, max-image-preview:large, max-video-preview:-1\" \/>\n<link rel=\"canonical\" href=\"https:\/\/diariodeestilo.es\/en\/2022\/03\/14\/anna-cortinas-peace-handbag-is-opening-jorge-vazquezs-show-at-the-mbfwm\/\" \/>\n<meta property=\"og:locale\" content=\"en_US\" \/>\n<meta property=\"og:type\" content=\"article\" \/>\n<meta property=\"og:title\" content=\"Anna Cortina&#039;s PEACE handbag is opening Jorge V\u00e1zquez&#039;s show at the MBFWM - Diario de Estilo\" \/>\n<meta property=\"og:description\" content=\"Last Friday, within the framework of the MBFWM, a hand-painted yellow leather shopping bag with the word PEACE on it was the tribute to Ukraine by the handbag designer Anna Cortina and the Galician designer Jorge V\u00e1zquez, with which they pledged for the end of an unjust war. The strange moan and crying of the Flemish painting taking centre stage on the catwalk gave rise to a dramatic spectacle that evoked a deep uneasiness about the future of Ukraine due to the Russian invasion, while the Ukrainian model Samy, dressed in a yellow shirt with wide sleeves with a large flower in the same colour as an ornament on her neck, some blue high-waisted sequin-covered trousers and the PEACE bag, opened the fashion show for the Autumn-Winter 2022\/2023 &#8220;pr\u00eat-\u00e1-porter&#8221; CASTIZO collection by Jorge V\u00e1zquez, an [&hellip;]\" \/>\n<meta property=\"og:url\" content=\"https:\/\/diariodeestilo.es\/en\/2022\/03\/14\/anna-cortinas-peace-handbag-is-opening-jorge-vazquezs-show-at-the-mbfwm\/\" \/>\n<meta property=\"og:site_name\" content=\"Diario de Estilo\" \/>\n<meta property=\"article:published_time\" content=\"2022-03-14T10:33:11+00:00\" \/>\n<meta property=\"article:modified_time\" content=\"2022-03-14T10:33:12+00:00\" \/>\n<meta property=\"og:image\" content=\"https:\/\/diariodeestilo.es\/wp-content\/uploads\/2022\/03\/JorgeVazquez_004-ANNA-CORTINA-1.jpg\" \/>\n\t<meta property=\"og:image:width\" content=\"1600\" \/>\n\t<meta property=\"og:image:height\" content=\"2400\" \/>\n\t<meta property=\"og:image:type\" content=\"image\/jpeg\" \/>\n<meta name=\"author\" content=\"Mariona Planas\" \/>\n<meta name=\"twitter:card\" content=\"summary_large_image\" \/>\n<meta name=\"twitter:label1\" content=\"Written by\" \/>\n\t<meta name=\"twitter:data1\" content=\"Mariona Planas\" \/>\n\t<meta name=\"twitter:label2\" content=\"Est. reading time\" \/>\n\t<meta name=\"twitter:data2\" content=\"9 minutes\" \/>\n<script type=\"application\/ld+json\" class=\"yoast-schema-graph\">{\"@context\":\"https:\/\/schema.org\",\"@graph\":[{\"@type\":\"WebPage\",\"@id\":\"https:\/\/diariodeestilo.es\/en\/2022\/03\/14\/anna-cortinas-peace-handbag-is-opening-jorge-vazquezs-show-at-the-mbfwm\/\",\"url\":\"https:\/\/diariodeestilo.es\/en\/2022\/03\/14\/anna-cortinas-peace-handbag-is-opening-jorge-vazquezs-show-at-the-mbfwm\/\",\"name\":\"Anna Cortina's PEACE handbag is opening Jorge V\u00e1zquez's show at the MBFWM - Diario de Estilo\",\"isPartOf\":{\"@id\":\"https:\/\/diariodeestilo.es\/en\/#website\"},\"datePublished\":\"2022-03-14T10:33:11+00:00\",\"dateModified\":\"2022-03-14T10:33:12+00:00\",\"author\":{\"@id\":\"https:\/\/diariodeestilo.es\/en\/#\/schema\/person\/43934c18347f4c6412e111f5d11a4d45\"},\"breadcrumb\":{\"@id\":\"https:\/\/diariodeestilo.es\/en\/2022\/03\/14\/anna-cortinas-peace-handbag-is-opening-jorge-vazquezs-show-at-the-mbfwm\/#breadcrumb\"},\"inLanguage\":\"en-US\",\"potentialAction\":[{\"@type\":\"ReadAction\",\"target\":[\"https:\/\/diariodeestilo.es\/en\/2022\/03\/14\/anna-cortinas-peace-handbag-is-opening-jorge-vazquezs-show-at-the-mbfwm\/\"]}]},{\"@type\":\"BreadcrumbList\",\"@id\":\"https:\/\/diariodeestilo.es\/en\/2022\/03\/14\/anna-cortinas-peace-handbag-is-opening-jorge-vazquezs-show-at-the-mbfwm\/#breadcrumb\",\"itemListElement\":[{\"@type\":\"ListItem\",\"position\":1,\"name\":\"Portada\",\"item\":\"https:\/\/diariodeestilo.es\/en\/\"},{\"@type\":\"ListItem\",\"position\":2,\"name\":\"Anna Cortina&#8217;s PEACE handbag is opening Jorge V\u00e1zquez&#8217;s show at the MBFWM\"}]},{\"@type\":\"WebSite\",\"@id\":\"https:\/\/diariodeestilo.es\/en\/#website\",\"url\":\"https:\/\/diariodeestilo.es\/en\/\",\"name\":\"Diario de Estilo\",\"description\":\"by Mariona Planas\",\"potentialAction\":[{\"@type\":\"SearchAction\",\"target\":{\"@type\":\"EntryPoint\",\"urlTemplate\":\"https:\/\/diariodeestilo.es\/en\/?s={search_term_string}\"},\"query-input\":\"required name=search_term_string\"}],\"inLanguage\":\"en-US\"},{\"@type\":\"Person\",\"@id\":\"https:\/\/diariodeestilo.es\/en\/#\/schema\/person\/43934c18347f4c6412e111f5d11a4d45\",\"name\":\"Mariona Planas\",\"image\":{\"@type\":\"ImageObject\",\"inLanguage\":\"en-US\",\"@id\":\"https:\/\/diariodeestilo.es\/en\/#\/schema\/person\/image\/\",\"url\":\"https:\/\/secure.gravatar.com\/avatar\/f66a0cfcee8304bc37b4e88baff319df?s=96&d=mm&r=g\",\"contentUrl\":\"https:\/\/secure.gravatar.com\/avatar\/f66a0cfcee8304bc37b4e88baff319df?s=96&d=mm&r=g\",\"caption\":\"Mariona Planas\"},\"url\":\"https:\/\/diariodeestilo.es\/en\/author\/mariona\/\"}]}<\/script>\n<!-- \/ Yoast SEO plugin. -->","yoast_head_json":{"title":"Anna Cortina's PEACE handbag is opening Jorge V\u00e1zquez's show at the MBFWM - Diario de Estilo","robots":{"index":"index","follow":"follow","max-snippet":"max-snippet:-1","max-image-preview":"max-image-preview:large","max-video-preview":"max-video-preview:-1"},"canonical":"https:\/\/diariodeestilo.es\/en\/2022\/03\/14\/anna-cortinas-peace-handbag-is-opening-jorge-vazquezs-show-at-the-mbfwm\/","og_locale":"en_US","og_type":"article","og_title":"Anna Cortina's PEACE handbag is opening Jorge V\u00e1zquez's show at the MBFWM - Diario de Estilo","og_description":"Last Friday, within the framework of the MBFWM, a hand-painted yellow leather shopping bag with the word PEACE on it was the tribute to Ukraine by the handbag designer Anna Cortina and the Galician designer Jorge V\u00e1zquez, with which they pledged for the end of an unjust war. The strange moan and crying of the Flemish painting taking centre stage on the catwalk gave rise to a dramatic spectacle that evoked a deep uneasiness about the future of Ukraine due to the Russian invasion, while the Ukrainian model Samy, dressed in a yellow shirt with wide sleeves with a large flower in the same colour as an ornament on her neck, some blue high-waisted sequin-covered trousers and the PEACE bag, opened the fashion show for the Autumn-Winter 2022\/2023 &#8220;pr\u00eat-\u00e1-porter&#8221; CASTIZO collection by Jorge V\u00e1zquez, an [&hellip;]","og_url":"https:\/\/diariodeestilo.es\/en\/2022\/03\/14\/anna-cortinas-peace-handbag-is-opening-jorge-vazquezs-show-at-the-mbfwm\/","og_site_name":"Diario de Estilo","article_published_time":"2022-03-14T10:33:11+00:00","article_modified_time":"2022-03-14T10:33:12+00:00","og_image":[{"width":1600,"height":2400,"url":"https:\/\/diariodeestilo.es\/wp-content\/uploads\/2022\/03\/JorgeVazquez_004-ANNA-CORTINA-1.jpg","type":"image\/jpeg"}],"author":"Mariona Planas","twitter_card":"summary_large_image","twitter_misc":{"Written by":"Mariona Planas","Est. reading time":"9 minutes"},"schema":{"@context":"https:\/\/schema.org","@graph":[{"@type":"WebPage","@id":"https:\/\/diariodeestilo.es\/en\/2022\/03\/14\/anna-cortinas-peace-handbag-is-opening-jorge-vazquezs-show-at-the-mbfwm\/","url":"https:\/\/diariodeestilo.es\/en\/2022\/03\/14\/anna-cortinas-peace-handbag-is-opening-jorge-vazquezs-show-at-the-mbfwm\/","name":"Anna Cortina's PEACE handbag is opening Jorge V\u00e1zquez's show at the MBFWM - Diario de Estilo","isPartOf":{"@id":"https:\/\/diariodeestilo.es\/en\/#website"},"datePublished":"2022-03-14T10:33:11+00:00","dateModified":"2022-03-14T10:33:12+00:00","author":{"@id":"https:\/\/diariodeestilo.es\/en\/#\/schema\/person\/43934c18347f4c6412e111f5d11a4d45"},"breadcrumb":{"@id":"https:\/\/diariodeestilo.es\/en\/2022\/03\/14\/anna-cortinas-peace-handbag-is-opening-jorge-vazquezs-show-at-the-mbfwm\/#breadcrumb"},"inLanguage":"en-US","potentialAction":[{"@type":"ReadAction","target":["https:\/\/diariodeestilo.es\/en\/2022\/03\/14\/anna-cortinas-peace-handbag-is-opening-jorge-vazquezs-show-at-the-mbfwm\/"]}]},{"@type":"BreadcrumbList","@id":"https:\/\/diariodeestilo.es\/en\/2022\/03\/14\/anna-cortinas-peace-handbag-is-opening-jorge-vazquezs-show-at-the-mbfwm\/#breadcrumb","itemListElement":[{"@type":"ListItem","position":1,"name":"Portada","item":"https:\/\/diariodeestilo.es\/en\/"},{"@type":"ListItem","position":2,"name":"Anna Cortina&#8217;s PEACE handbag is opening Jorge V\u00e1zquez&#8217;s show at the MBFWM"}]},{"@type":"WebSite","@id":"https:\/\/diariodeestilo.es\/en\/#website","url":"https:\/\/diariodeestilo.es\/en\/","name":"Diario de Estilo","description":"by Mariona Planas","potentialAction":[{"@type":"SearchAction","target":{"@type":"EntryPoint","urlTemplate":"https:\/\/diariodeestilo.es\/en\/?s={search_term_string}"},"query-input":"required name=search_term_string"}],"inLanguage":"en-US"},{"@type":"Person","@id":"https:\/\/diariodeestilo.es\/en\/#\/schema\/person\/43934c18347f4c6412e111f5d11a4d45","name":"Mariona Planas","image":{"@type":"ImageObject","inLanguage":"en-US","@id":"https:\/\/diariodeestilo.es\/en\/#\/schema\/person\/image\/","url":"https:\/\/secure.gravatar.com\/avatar\/f66a0cfcee8304bc37b4e88baff319df?s=96&d=mm&r=g","contentUrl":"https:\/\/secure.gravatar.com\/avatar\/f66a0cfcee8304bc37b4e88baff319df?s=96&d=mm&r=g","caption":"Mariona Planas"},"url":"https:\/\/diariodeestilo.es\/en\/author\/mariona\/"}]}},"_links":{"self":[{"href":"https:\/\/diariodeestilo.es\/en\/wp-json\/wp\/v2\/posts\/46935"}],"collection":[{"href":"https:\/\/diariodeestilo.es\/en\/wp-json\/wp\/v2\/posts"}],"about":[{"href":"https:\/\/diariodeestilo.es\/en\/wp-json\/wp\/v2\/types\/post"}],"author":[{"embeddable":true,"href":"https:\/\/diariodeestilo.es\/en\/wp-json\/wp\/v2\/users\/2"}],"replies":[{"embeddable":true,"href":"https:\/\/diariodeestilo.es\/en\/wp-json\/wp\/v2\/comments?post=46935"}],"version-history":[{"count":1,"href":"https:\/\/diariodeestilo.es\/en\/wp-json\/wp\/v2\/posts\/46935\/revisions"}],"predecessor-version":[{"id":46936,"href":"https:\/\/diariodeestilo.es\/en\/wp-json\/wp\/v2\/posts\/46935\/revisions\/46936"}],"wp:featuredmedia":[{"embeddable":true,"href":"https:\/\/diariodeestilo.es\/en\/wp-json\/wp\/v2\/media\/46869"}],"wp:attachment":[{"href":"https:\/\/diariodeestilo.es\/en\/wp-json\/wp\/v2\/media?parent=46935"}],"wp:term":[{"taxonomy":"category","embeddable":true,"href":"https:\/\/diariodeestilo.es\/en\/wp-json\/wp\/v2\/categories?post=46935"},{"taxonomy":"post_tag","embeddable":true,"href":"https:\/\/diariodeestilo.es\/en\/wp-json\/wp\/v2\/tags?post=46935"}],"curies":[{"name":"wp","href":"https:\/\/api.w.org\/{rel}","templated":true}]}}